{"id":19975,"date":"2015-11-30T11:42:32","date_gmt":"2015-11-30T17:42:32","guid":{"rendered":"https:\/\/radiowebmx.com\/nota\/?p=19975"},"modified":"2015-11-30T11:42:32","modified_gmt":"2015-11-30T17:42:32","slug":"ayuntamiento-realiza-jornada-de-limpieza-en-la-colonia-vicente-lombardo","status":"publish","type":"post","link":"https:\/\/radiowebmx.com\/nota\/ayuntamiento-realiza-jornada-de-limpieza-en-la-colonia-vicente-lombardo\/","title":{"rendered":"Ayuntamiento realiza jornada de limpieza en la colonia Vicente Lombardo."},"content":{"rendered":"<p><a href=\"https:\/\/radiowebmx.com\/nota\/wp-content\/uploads\/2015\/11\/05485b7d-a10c-45c4-a2a1-df840b9337eb.jpg\"><img loading=\"lazy\" decoding=\"async\" class=\"alignleft size-full wp-image-19976\" src=\"https:\/\/radiowebmx.com\/nota\/wp-content\/uploads\/2015\/11\/05485b7d-a10c-45c4-a2a1-df840b9337eb.jpg\" alt=\"05485b7d-a10c-45c4-a2a1-df840b9337eb\" width=\"591\" height=\"339\" srcset=\"https:\/\/radiowebmx.com\/nota\/wp-content\/uploads\/2015\/11\/05485b7d-a10c-45c4-a2a1-df840b9337eb.jpg 591w, https:\/\/radiowebmx.com\/nota\/wp-content\/uploads\/2015\/11\/05485b7d-a10c-45c4-a2a1-df840b9337eb-300x172.jpg 300w, https:\/\/radiowebmx.com\/nota\/wp-content\/uploads\/2015\/11\/05485b7d-a10c-45c4-a2a1-df840b9337eb-128x72.jpg 128w\" sizes=\"auto, (max-width: 591px) 100vw, 591px\" \/><\/a>El Ayuntamiento de Morelia a trav\u00e9s de\u00a0la Secretar\u00eda de Servicios P\u00fablicos, de\u00a0las direcciones de Aseo P\u00fablico y Parques y jardines, trabajaron en coordinaci\u00f3n con vecinos de la colonia Vicente Lombardo y con beneficiarios del programa \u00a0\u201cC\u00e1rcel\u00a0Abierta\u201d.<\/p>\n<p>Por lo anterior, el secretario de Servicios P\u00fablicos, Jos\u00e9 Luis Gil V\u00e1zquez, explic\u00f3 que se invitaron a 30 personas de dicho programa de Gobierno del Estado, el cual es operado por la Secretar\u00eda de Prevenci\u00f3n Social, para realizar jornadas de limpieza en esta colonia.<\/p>\n<p>\u201cLos habitantes de esta colonia\u00a0 son personas muy entusiastas y participativas con el Gobierno Municipal. Estuvieron por m\u00e1s de 5 horas trabajando y comprometi\u00e9ndose a mantener en buenas condiciones las instalaciones que son para el uso de todos los vecinos\u201d, coment\u00f3 Gil V\u00e1zquez.<\/p>\n","protected":false},"excerpt":{"rendered":"<p>El Ayuntamiento de Morelia a trav\u00e9s de la Secretar\u00eda de Servicios P\u00fablicos, de las direcciones de Aseo P\u00fablico y Parques y jardines, trabajaron en coordinaci\u00f3n con vecinos de la colonia Vicente Lombardo y con beneficiarios del programa  \u201cC\u00e1rcel Abierta\u201d.<\/p>\n","protected":false},"author":1,"featured_media":19976,"comment_status":"open","ping_status":"open","sticky":false,"template":"","format":"standard","meta":{"footnotes":""},"categories":[14,9],"tags":[],"class_list":["post-19975","post","type-post","status-publish","format-standard","has-post-thumbnail","hentry","category-destacadas","category-morelia"],"_links":{"self":[{"href":"https:\/\/radiowebmx.com\/nota\/wp-json\/wp\/v2\/posts\/19975","targetHints":{"allow":["GET"]}}],"collection":[{"href":"https:\/\/radiowebmx.com\/nota\/wp-json\/wp\/v2\/posts"}],"about":[{"href":"https:\/\/radiowebmx.com\/nota\/wp-json\/wp\/v2\/types\/post"}],"author":[{"embeddable":true,"href":"https:\/\/radiowebmx.com\/nota\/wp-json\/wp\/v2\/users\/1"}],"replies":[{"embeddable":true,"href":"https:\/\/radiowebmx.com\/nota\/wp-json\/wp\/v2\/comments?post=19975"}],"version-history":[{"count":1,"href":"https:\/\/radiowebmx.com\/nota\/wp-json\/wp\/v2\/posts\/19975\/revisions"}],"predecessor-version":[{"id":19977,"href":"https:\/\/radiowebmx.com\/nota\/wp-json\/wp\/v2\/posts\/19975\/revisions\/19977"}],"wp:featuredmedia":[{"embeddable":true,"href":"https:\/\/radiowebmx.com\/nota\/wp-json\/wp\/v2\/media\/19976"}],"wp:attachment":[{"href":"https:\/\/radiowebmx.com\/nota\/wp-json\/wp\/v2\/media?parent=19975"}],"wp:term":[{"taxonomy":"category","embeddable":true,"href":"https:\/\/radiowebmx.com\/nota\/wp-json\/wp\/v2\/categories?post=19975"},{"taxonomy":"post_tag","embeddable":true,"href":"https:\/\/radiowebmx.com\/nota\/wp-json\/wp\/v2\/tags?post=19975"}],"curies":[{"name":"wp","href":"https:\/\/api.w.org\/{rel}","templated":true}]}}