{"id":19971,"date":"2015-11-30T11:39:25","date_gmt":"2015-11-30T17:39:25","guid":{"rendered":"https:\/\/radiowebmx.com\/nota\/?p=19971"},"modified":"2015-11-30T11:39:25","modified_gmt":"2015-11-30T17:39:25","slug":"ayuntamiento-de-morelia-reconoce-labor-cultural-de-la-27-festival-de-musica-miguel-bernal-jimenez","status":"publish","type":"post","link":"https:\/\/radiowebmx.com\/nota\/ayuntamiento-de-morelia-reconoce-labor-cultural-de-la-27-festival-de-musica-miguel-bernal-jimenez\/","title":{"rendered":"Ayuntamiento de Morelia reconoce  labor cultural de la 27 Festival de M\u00fasica \u201cMiguel Bernal Jim\u00e9nez\u201d"},"content":{"rendered":"<p><a href=\"https:\/\/radiowebmx.com\/nota\/wp-content\/uploads\/2015\/11\/218dd22b-08f0-466f-8eb9-d7cf226a4a87.jpg\"><img loading=\"lazy\" decoding=\"async\" class=\"alignleft size-full wp-image-19972\" src=\"https:\/\/radiowebmx.com\/nota\/wp-content\/uploads\/2015\/11\/218dd22b-08f0-466f-8eb9-d7cf226a4a87.jpg\" alt=\"218dd22b-08f0-466f-8eb9-d7cf226a4a87\" width=\"591\" height=\"295\" srcset=\"https:\/\/radiowebmx.com\/nota\/wp-content\/uploads\/2015\/11\/218dd22b-08f0-466f-8eb9-d7cf226a4a87.jpg 591w, https:\/\/radiowebmx.com\/nota\/wp-content\/uploads\/2015\/11\/218dd22b-08f0-466f-8eb9-d7cf226a4a87-300x150.jpg 300w\" sizes=\"auto, (max-width: 591px) 100vw, 591px\" \/><\/a>El secretario de Administraci\u00f3n, Yankel Ben\u00edtez Silva en representaci\u00f3n del Presidente Municipal, Alfonso Mart\u00ednez Alc\u00e1zar destac\u00f3 en la clausura del\u00a0 27 Festival Internacional de M\u00fasica de la capital michoacana \u201cMiguel Bernal Jim\u00e9nez\u201d, la aportaci\u00f3n cultural del evento al posicionarse como un referente musical en el pa\u00eds.<\/p>\n<p>\u201cQuiero iniciar\u00a0 mi intervenci\u00f3n -dijo- haciendo un reconocimiento a Ver\u00f3nica Bernal, por ser una mujer que ha entregado su vida a la m\u00fasica, tal y como lo hizo su abuelo. El arte de Miguel Bernal Jim\u00e9nez, es el coraz\u00f3n de este Festival, y \u00e9ste contin\u00faa latiendo en el esfuerzo que a\u00f1o con a\u00f1o hacen los organizadores\u201d.<\/p>\n<p>Resalt\u00f3 la importancia de este festival que consiste en\u00a0 proyectar a Morelia como la ciudad que se quiere promover, un lugar alegre, cultural y seguro. Incluso destac\u00f3 que gracias a la labor de los ciudadanos que en la capital michoacana habitan se ha logrado construir eventos de\u00a0 tal magnitud que reivindican el valor de Morelia y su gente.<\/p>\n<p>Ben\u00edtez Silva hizo una remembranza del deleite\u00a0 musical que se vivi\u00f3 en las poco m\u00e1s de dos semanas que dur\u00f3 este festival y que cautiv\u00f3 a miles de ni\u00f1os, j\u00f3venes y adultos en teatros, plazas p\u00fablicas tales como el concierto de GlassDuo, el binomio de artistas que crean m\u00fasica frotando copas de cristal con los dedos, la clase magistral que imparti\u00f3 Antonio S\u00e1nchez, uno de los m\u00e1ximos exponentes del jazz en el mundo y el concierto que ofreci\u00f3 Susana Zabaleta en la Plaza Valladolid.<\/p>\n<p>Trajo a cuenta que esta manifestaci\u00f3n cultural no se limit\u00f3 a estos sitios antes mencionados sino que inund\u00f3 Morelia con danza, exposiciones escult\u00f3ricas y las actividades alternas ya tan esperadas por morelianos y visitantes como los tapetes florales de Patamban, talleres, clases, todas aquellas actividades que \u201cquedaron en la memoria y coraz\u00f3n de quien acudi\u00f3 al Festival de M\u00fasica\u00a0 de esta ciudad\u201d.<\/p>\n<p>El titular de la Secretar\u00eda de Administraci\u00f3n manifest\u00f3 su reconocimiento a este evento de car\u00e1cter internacional por sus participantes y resaltar\u00eda que es resultado del trabajo y empe\u00f1o\u00a0 de todos los ciudadanos.<\/p>\n<p>Refiri\u00f3 que la presente administraci\u00f3n municipal encabezada por el Alcalde Mart\u00ednez Alc\u00e1zar es facilitadora para que todo salga a pedir de boca, pero\u00a0 que se necesita de todos los ciudadanos de Morelia para que este tipo de eventos se hagan.<\/p>\n<p>Agradeci\u00f3\u00a0 por hacer de Morelia la ciudad que todos los ciudadanos quieren, lo cual permite la promoci\u00f3n de su belleza y que genera turismo y desarrollo para la capital michoacana.<\/p>\n","protected":false},"excerpt":{"rendered":"<p>El secretario de Administraci\u00f3n, Yankel Ben\u00edtez Silva en representaci\u00f3n del Presidente Municipal, Alfonso Mart\u00ednez Alc\u00e1zar destac\u00f3 en la clausura del  27 Festival Internacional de M\u00fasica de la capital michoacana \u201cMiguel Bernal Jim\u00e9nez\u201d, la aportaci\u00f3n cultural del evento al posicionarse como un referente musical en el pa\u00eds.<\/p>\n","protected":false},"author":1,"featured_media":19972,"comment_status":"open","ping_status":"open","sticky":false,"template":"","format":"standard","meta":{"footnotes":""},"categories":[14,9],"tags":[],"class_list":["post-19971","post","type-post","status-publish","format-standard","has-post-thumbnail","hentry","category-destacadas","category-morelia"],"_links":{"self":[{"href":"https:\/\/radiowebmx.com\/nota\/wp-json\/wp\/v2\/posts\/19971","targetHints":{"allow":["GET"]}}],"collection":[{"href":"https:\/\/radiowebmx.com\/nota\/wp-json\/wp\/v2\/posts"}],"about":[{"href":"https:\/\/radiowebmx.com\/nota\/wp-json\/wp\/v2\/types\/post"}],"author":[{"embeddable":true,"href":"https:\/\/radiowebmx.com\/nota\/wp-json\/wp\/v2\/users\/1"}],"replies":[{"embeddable":true,"href":"https:\/\/radiowebmx.com\/nota\/wp-json\/wp\/v2\/comments?post=19971"}],"version-history":[{"count":1,"href":"https:\/\/radiowebmx.com\/nota\/wp-json\/wp\/v2\/posts\/19971\/revisions"}],"predecessor-version":[{"id":19974,"href":"https:\/\/radiowebmx.com\/nota\/wp-json\/wp\/v2\/posts\/19971\/revisions\/19974"}],"wp:featuredmedia":[{"embeddable":true,"href":"https:\/\/radiowebmx.com\/nota\/wp-json\/wp\/v2\/media\/19972"}],"wp:attachment":[{"href":"https:\/\/radiowebmx.com\/nota\/wp-json\/wp\/v2\/media?parent=19971"}],"wp:term":[{"taxonomy":"category","embeddable":true,"href":"https:\/\/radiowebmx.com\/nota\/wp-json\/wp\/v2\/categories?post=19971"},{"taxonomy":"post_tag","embeddable":true,"href":"https:\/\/radiowebmx.com\/nota\/wp-json\/wp\/v2\/tags?post=19971"}],"curies":[{"name":"wp","href":"https:\/\/api.w.org\/{rel}","templated":true}]}}