{"id":19963,"date":"2015-11-30T11:25:37","date_gmt":"2015-11-30T17:25:37","guid":{"rendered":"https:\/\/radiowebmx.com\/nota\/?p=19963"},"modified":"2015-11-30T11:25:37","modified_gmt":"2015-11-30T17:25:37","slug":"avanza-campana-del-ayuntamiento-para-mantener-libres-plazas-y-calles-del-centro-de-morelia","status":"publish","type":"post","link":"https:\/\/radiowebmx.com\/nota\/avanza-campana-del-ayuntamiento-para-mantener-libres-plazas-y-calles-del-centro-de-morelia\/","title":{"rendered":"Avanza campa\u00f1a del Ayuntamiento para mantener libres plazas y calles del Centro de Morelia"},"content":{"rendered":"<p>Como resultado de la campa\u00f1a de regularizaci\u00f3n del comercio en el Primer Cuadro de la ciudad, el Coordinador Ejecutivo del Centro Hist\u00f3rico y Zonas Monumentales de Morelia, Gaspar Hern\u00e1ndez Razo, indic\u00f3 que los comerciantes se han sumado a esta iniciativa para mantener libres los espacios p\u00fablicos.<\/p>\n<p>Detall\u00f3 que no s\u00f3lo se ha realizado \u00a0el acercamiento con \u00a0los comerciantes, sino que en conjunto con la Direcci\u00f3n de Mercados se han buscado opciones para que estas personas \u00a0se incluyan en tianguis y mercados ya establecidos en la capital michoacana.<\/p>\n<p>Hern\u00e1ndez Razo, afirm\u00f3 que uno los factores detectados en esta situaci\u00f3n particular, es el desconocimiento del Bando de Gobierno, el cual se ha socializado y compartido a ciudadan\u00eda para que conozcan los lineamientos que rigen las actividades comerciales en el Primer Cuadro.<\/p>\n<p>\u201cQue sepan que el Bando publicado en el Peri\u00f3dico Oficial del Estado de Michoac\u00e1n, establece un art\u00edculo \u00fanico que dice que el Centro de Morelia, por\u00a0 sus caracter\u00edsticas arquitect\u00f3nicas, valor cultural y atractivo tur\u00edstico, se tiene que regular el orden p\u00fablico, la tranquilidad de los ciudadanos, la dignidad, la salud p\u00fablica y la imagen urbana\u201d.<\/p>\n<p>Explic\u00f3 que desde el pasado 9 de octubre del presente 2015, inici\u00f3 el operativo para evitar ambulantaje en el Centro Hist\u00f3rico de Morelia, cuyo prop\u00f3sito principal es dar a conocer a las personas los reglamentos que existen para regular estas actividades.<\/p>\n<p>El Coordinador Ejecutivo\u00a0 del Centro Hist\u00f3rico y Zonas Monumentales de Morelia record\u00f3 que los operativos para regular el comercio contin\u00faan de manera permanente y se intensifican los d\u00edas viernes, s\u00e1bados y domingos.<\/p>\n<p>Destac\u00f3 que la participaci\u00f3n de la ciudadan\u00eda es fundamental para mantener libres las calles y plazas p\u00fablicas, para que as\u00ed\u00a0los morelianos puedan disfrutar de la belleza arquitect\u00f3nica del municipio, asimismo, los turistas se sientan seguros para transitar.<\/p>\n","protected":false},"excerpt":{"rendered":"<p>Como resultado de la campa\u00f1a de regularizaci\u00f3n del comercio en el Primer Cuadro de la ciudad, el Coordinador Ejecutivo del Centro Hist\u00f3rico y Zonas Monumentales de Morelia, Gaspar Hern\u00e1ndez Razo, indic\u00f3 que los comerciantes se han sumado a esta iniciativa para mantener libres los espacios p\u00fablicos.<\/p>\n","protected":false},"author":1,"featured_media":0,"comment_status":"open","ping_status":"open","sticky":false,"template":"","format":"standard","meta":{"footnotes":""},"categories":[9],"tags":[],"class_list":["post-19963","post","type-post","status-publish","format-standard","hentry","category-morelia"],"_links":{"self":[{"href":"https:\/\/radiowebmx.com\/nota\/wp-json\/wp\/v2\/posts\/19963","targetHints":{"allow":["GET"]}}],"collection":[{"href":"https:\/\/radiowebmx.com\/nota\/wp-json\/wp\/v2\/posts"}],"about":[{"href":"https:\/\/radiowebmx.com\/nota\/wp-json\/wp\/v2\/types\/post"}],"author":[{"embeddable":true,"href":"https:\/\/radiowebmx.com\/nota\/wp-json\/wp\/v2\/users\/1"}],"replies":[{"embeddable":true,"href":"https:\/\/radiowebmx.com\/nota\/wp-json\/wp\/v2\/comments?post=19963"}],"version-history":[{"count":1,"href":"https:\/\/radiowebmx.com\/nota\/wp-json\/wp\/v2\/posts\/19963\/revisions"}],"predecessor-version":[{"id":19964,"href":"https:\/\/radiowebmx.com\/nota\/wp-json\/wp\/v2\/posts\/19963\/revisions\/19964"}],"wp:attachment":[{"href":"https:\/\/radiowebmx.com\/nota\/wp-json\/wp\/v2\/media?parent=19963"}],"wp:term":[{"taxonomy":"category","embeddable":true,"href":"https:\/\/radiowebmx.com\/nota\/wp-json\/wp\/v2\/categories?post=19963"},{"taxonomy":"post_tag","embeddable":true,"href":"https:\/\/radiowebmx.com\/nota\/wp-json\/wp\/v2\/tags?post=19963"}],"curies":[{"name":"wp","href":"https:\/\/api.w.org\/{rel}","templated":true}]}}