{"id":19960,"date":"2015-11-30T11:23:40","date_gmt":"2015-11-30T17:23:40","guid":{"rendered":"https:\/\/radiowebmx.com\/nota\/?p=19960"},"modified":"2015-11-30T11:23:40","modified_gmt":"2015-11-30T17:23:40","slug":"ayuntamiento-de-morelia-fortalece-sus-relaciones-internacionales","status":"publish","type":"post","link":"https:\/\/radiowebmx.com\/nota\/ayuntamiento-de-morelia-fortalece-sus-relaciones-internacionales\/","title":{"rendered":"Ayuntamiento de Morelia fortalece sus relaciones internacionales"},"content":{"rendered":"<p><a href=\"https:\/\/radiowebmx.com\/nota\/wp-content\/uploads\/2015\/11\/dbf2696a-5dd9-4282-a616-4eb2fe69550f.jpg\"><img loading=\"lazy\" decoding=\"async\" class=\"alignleft size-full wp-image-19961\" src=\"https:\/\/radiowebmx.com\/nota\/wp-content\/uploads\/2015\/11\/dbf2696a-5dd9-4282-a616-4eb2fe69550f.jpg\" alt=\"dbf2696a-5dd9-4282-a616-4eb2fe69550f\" width=\"591\" height=\"248\" srcset=\"https:\/\/radiowebmx.com\/nota\/wp-content\/uploads\/2015\/11\/dbf2696a-5dd9-4282-a616-4eb2fe69550f.jpg 591w, https:\/\/radiowebmx.com\/nota\/wp-content\/uploads\/2015\/11\/dbf2696a-5dd9-4282-a616-4eb2fe69550f-300x126.jpg 300w\" sizes=\"auto, (max-width: 591px) 100vw, 591px\" \/><\/a>En la b\u00fasqueda de\u00a0 estrechar la relaci\u00f3n\u00a0 que existe entre la capital michoacana y Holanda,\u00a0autoridades municipales encabezadas por el Presidente Municipal, Alfonso Mart\u00ednez Alc\u00e1zar, se reunieron con el embajador del Reino los Pa\u00edses Bajos, Dolf Hogewoning.<\/p>\n<p>En dicha reuni\u00f3n celebrada en el despacho del Alcalde, se dio cuenta de\u00a0 los proyectos que en materia educativa,\u00a0cultural, art\u00edstica y empresarial\u00a0se han realizado entre Holanda y este municipio en a\u00f1os recientes.<\/p>\n<p>Hogewoning, en compa\u00f1\u00eda de Mart\u00ednez Alc\u00e1zar, los integrantes del Consejo Ciudadano, Katia Rivadeneira e Hiram Osiris Valdez y\u00a0el\u00a0director de Asuntos Internacionales, Armando Espejel, se manifest\u00f3 \u00a0interesado por realizar trabajos en materia de agroindustria en la entidad.<\/p>\n<p>Alfonso Mart\u00ednez Alc\u00e1zar intercambi\u00f3 puntos de vista con el embajador, Dolf Hogewoning para dar continuidad a la relaci\u00f3n de trabajo e intercambios culturales que generen desarrollo para Morelia.<\/p>\n<p>Asegur\u00f3 que a la capital michoacana le interesa ser uno de los principales referentes para el mundo por sus atractivos tur\u00edstico-culturales, por lo cual, ser\u00eda fundamental fortalecer los proyectos en com\u00fan que coloquen en una vitrina internacional, la belleza del municipio.<\/p>\n<p>El Alcalde de Morelia, subray\u00f3 que los acercamientos con autoridades de otros pa\u00edses, son una oportunidad para enviar un mensaje hacia el exterior de que en Morelia existen ofertas interesantes para atraer el turismo y as\u00ed\u00a0promover derrama econ\u00f3mica que beneficie a los prestadores de servicios y comerciantes morelianos.<\/p>\n","protected":false},"excerpt":{"rendered":"<p>En la b\u00fasqueda de  estrechar la relaci\u00f3n  que existe entre la capital michoacana y Holanda, autoridades municipales encabezadas por el Presidente Municipal, Alfonso Mart\u00ednez Alc\u00e1zar, se reunieron con el embajador del Reino los Pa\u00edses Bajos, Dolf Hogewoning.<\/p>\n","protected":false},"author":1,"featured_media":19961,"comment_status":"open","ping_status":"open","sticky":false,"template":"","format":"standard","meta":{"footnotes":""},"categories":[14,9],"tags":[],"class_list":["post-19960","post","type-post","status-publish","format-standard","has-post-thumbnail","hentry","category-destacadas","category-morelia"],"_links":{"self":[{"href":"https:\/\/radiowebmx.com\/nota\/wp-json\/wp\/v2\/posts\/19960","targetHints":{"allow":["GET"]}}],"collection":[{"href":"https:\/\/radiowebmx.com\/nota\/wp-json\/wp\/v2\/posts"}],"about":[{"href":"https:\/\/radiowebmx.com\/nota\/wp-json\/wp\/v2\/types\/post"}],"author":[{"embeddable":true,"href":"https:\/\/radiowebmx.com\/nota\/wp-json\/wp\/v2\/users\/1"}],"replies":[{"embeddable":true,"href":"https:\/\/radiowebmx.com\/nota\/wp-json\/wp\/v2\/comments?post=19960"}],"version-history":[{"count":1,"href":"https:\/\/radiowebmx.com\/nota\/wp-json\/wp\/v2\/posts\/19960\/revisions"}],"predecessor-version":[{"id":19962,"href":"https:\/\/radiowebmx.com\/nota\/wp-json\/wp\/v2\/posts\/19960\/revisions\/19962"}],"wp:featuredmedia":[{"embeddable":true,"href":"https:\/\/radiowebmx.com\/nota\/wp-json\/wp\/v2\/media\/19961"}],"wp:attachment":[{"href":"https:\/\/radiowebmx.com\/nota\/wp-json\/wp\/v2\/media?parent=19960"}],"wp:term":[{"taxonomy":"category","embeddable":true,"href":"https:\/\/radiowebmx.com\/nota\/wp-json\/wp\/v2\/categories?post=19960"},{"taxonomy":"post_tag","embeddable":true,"href":"https:\/\/radiowebmx.com\/nota\/wp-json\/wp\/v2\/tags?post=19960"}],"curies":[{"name":"wp","href":"https:\/\/api.w.org\/{rel}","templated":true}]}}