{"id":19957,"date":"2015-11-30T11:20:02","date_gmt":"2015-11-30T17:20:02","guid":{"rendered":"https:\/\/radiowebmx.com\/nota\/?p=19957"},"modified":"2015-11-30T11:20:02","modified_gmt":"2015-11-30T17:20:02","slug":"una-campana-de-propuestas-positiva-y-respetuosa-de-la-ley-la-de-ricardo-sanchez","status":"publish","type":"post","link":"https:\/\/radiowebmx.com\/nota\/una-campana-de-propuestas-positiva-y-respetuosa-de-la-ley-la-de-ricardo-sanchez\/","title":{"rendered":"UNA CAMPA\u00d1A DE PROPUESTAS, POSITIVA Y RESPETUOSA DE LA LEY LA DE RICARDO S\u00c1NCHEZ"},"content":{"rendered":"<p class=\"ecxMsoNormal\"><span lang=\"ES-MX\"> <a href=\"https:\/\/radiowebmx.com\/nota\/wp-content\/uploads\/2015\/11\/IMG_5400.jpg\"><img loading=\"lazy\" decoding=\"async\" class=\"alignleft size-full wp-image-19958\" src=\"https:\/\/radiowebmx.com\/nota\/wp-content\/uploads\/2015\/11\/IMG_5400.jpg\" alt=\"IMG_5400\" width=\"591\" height=\"243\" srcset=\"https:\/\/radiowebmx.com\/nota\/wp-content\/uploads\/2015\/11\/IMG_5400.jpg 591w, https:\/\/radiowebmx.com\/nota\/wp-content\/uploads\/2015\/11\/IMG_5400-300x123.jpg 300w\" sizes=\"auto, (max-width: 591px) 100vw, 591px\" \/><\/a>\u201cSahuayo ocupa salir del bache que est\u00e1, necesita desarrollo y atenci\u00f3n integral y Ricardo S\u00e1nchez sabe como hacerlo, con un gobierno municipal que vaya de la mano con los ciudadanos y que transparente los de recursos p\u00fabicos\u201d se\u00f1al\u00f3 el Presodente del CDE del PRI, Agust\u00edn Trujillo \u00cd\u00f1iguez.<\/span><\/p>\n<p class=\"ecxMsoNormal\"><span lang=\"ES-MX\">El l\u00edder del PRI, Agust\u00edn Trujillo \u00cd\u00f1iguez, destac\u00f3 la importancia de que en esta campa\u00f1a se est\u00e9 escuchando de manera atenta las necesidades de la gente de Sahuayo, ya que dijo, \u201cla ciudadan\u00eda es el motor de Sahuayo y representan el trabajo y el desarrollo de este municipio, la camapa\u00f1a de\u00a0<\/span>Ricardo s\u00ed escucha, por eso este 6 de diciembre demos el voto a Ricardo Sanchez\u201d finaliz\u00f3.<\/p>\n<p class=\"ecxMsoNormal\"><span lang=\"ES-MX\">El dirigente estatal, acompa\u00f1ado del diputado local por el distrito de los Reyes, Juan Manuel Figueroa Ceja, se\u00f1al\u00f3 que la CNOP siempre ha apoyado de manera fuerte al Revolucionario Institucional \u201cpor eso la importancia de que nuestro abanderado aqu\u00ed en Sahuayo escuche y tome en cuenta a los cenopistas sahuayences\u201d.<\/span><\/p>\n<p class=\"ecxMsoNormal\"><span lang=\"ES-MX\">Ante miembros de la CNOP de Sahuayo, el l\u00edder del tricolor, reconoci\u00f3 la labor que ha hecho el candidato del PRI.PVEM y PT, tocando puertas, gastandose la suela de los zapatos y pidiendo el apoyo de la gente para que este 6 de diciembre vayan y voten a favor de S\u00e1nchez G\u00e1vez, pues dijo, es el unico con propuestas y siempre respetuoso de las normas electorales.<\/span><\/p>\n<p class=\"ecxMsoNormal\"><span lang=\"ES-MX\">Por su parte el abanderado pri\u00edsta, Ricardo S\u00e1nchez G\u00e1lvez, agradeci\u00f3 el apoyo mostrado por parte de la CNOP en Sahuayo y se comprometi\u00f3 a trabajar de manera transparente y ardua en la pr\u00f3ximo administraci\u00f3n que sin lugar a dudas dijo, ser\u00e1 pri\u00ecsta.<\/span><\/p>\n<p class=\"ecxMsoNormal\"><span lang=\"ES-MX\">S\u00e1nchez G\u00e1lvez, acompa\u00f1ado por el Delegado Especial del CDE en Sahuayo, Bert\u00edn Cornejo Mart\u00ednez, se pronuncio a favor de los cenopistas, \u201cla CNOP ha estado conmigo desde el \u00a0inicio de esta campa\u00f1a, seguiremos en constante trabajo para sacar adelante a Sahuayo del gran pozo en el que nos dejaron sumidos los panistas.<\/span><\/p>\n<p class=\"ecxMsoNormal\"><span lang=\"ES-MX\">En este tenor, la legisladora loca, X\u00f3chitl Gabriela Ru\u00edz, dirigente estatal de la CNOP, subray\u00f3 que Ricardo S\u00e1nchez, tiene el apoyo de toda la estructura cenopista de Michoac\u00e1n, adem\u00e1s reconoci\u00f3 la gran campa\u00f1a que ha desempe\u00f1ado el abanderado del PRI, recorriendo casa por casa.<\/span><\/p>\n<p class=\"ecxMsoNormal\"><span lang=\"ES-MX\">La legisladora local dijo que \u201cRicardo S\u00e1nchez es un hombre que sabe trabajar en beneficio de la gente, que entiende las necesidades de las organizaciones populares y por \u00a0eso cuenta con todo nuestro apoyo y se que el candidato del tricolor, resultar\u00e1 ganador el pr\u00f3ximo 6 de diciembre.\u201d finaliz\u00f3.<\/span><\/p>\n","protected":false},"excerpt":{"rendered":"<p>\u201cSahuayo ocupa salir del bache que est\u00e1, necesita desarrollo y atenci\u00f3n integral y Ricardo S\u00e1nchez sabe como hacerlo, con un gobierno municipal que vaya de la mano con los ciudadanos y que transparente los de recursos p\u00fabicos\u201d se\u00f1al\u00f3 el Presodente del CDE del PRI, Agust\u00edn Trujillo \u00cd\u00f1iguez.<\/p>\n","protected":false},"author":1,"featured_media":19958,"comment_status":"open","ping_status":"open","sticky":false,"template":"","format":"standard","meta":{"footnotes":""},"categories":[14,11,12],"tags":[],"class_list":["post-19957","post","type-post","status-publish","format-standard","has-post-thumbnail","hentry","category-destacadas","category-partidos-politicos","category-pri"],"_links":{"self":[{"href":"https:\/\/radiowebmx.com\/nota\/wp-json\/wp\/v2\/posts\/19957","targetHints":{"allow":["GET"]}}],"collection":[{"href":"https:\/\/radiowebmx.com\/nota\/wp-json\/wp\/v2\/posts"}],"about":[{"href":"https:\/\/radiowebmx.com\/nota\/wp-json\/wp\/v2\/types\/post"}],"author":[{"embeddable":true,"href":"https:\/\/radiowebmx.com\/nota\/wp-json\/wp\/v2\/users\/1"}],"replies":[{"embeddable":true,"href":"https:\/\/radiowebmx.com\/nota\/wp-json\/wp\/v2\/comments?post=19957"}],"version-history":[{"count":1,"href":"https:\/\/radiowebmx.com\/nota\/wp-json\/wp\/v2\/posts\/19957\/revisions"}],"predecessor-version":[{"id":19959,"href":"https:\/\/radiowebmx.com\/nota\/wp-json\/wp\/v2\/posts\/19957\/revisions\/19959"}],"wp:featuredmedia":[{"embeddable":true,"href":"https:\/\/radiowebmx.com\/nota\/wp-json\/wp\/v2\/media\/19958"}],"wp:attachment":[{"href":"https:\/\/radiowebmx.com\/nota\/wp-json\/wp\/v2\/media?parent=19957"}],"wp:term":[{"taxonomy":"category","embeddable":true,"href":"https:\/\/radiowebmx.com\/nota\/wp-json\/wp\/v2\/categories?post=19957"},{"taxonomy":"post_tag","embeddable":true,"href":"https:\/\/radiowebmx.com\/nota\/wp-json\/wp\/v2\/tags?post=19957"}],"curies":[{"name":"wp","href":"https:\/\/api.w.org\/{rel}","templated":true}]}}