{"id":19938,"date":"2015-11-27T17:03:40","date_gmt":"2015-11-27T23:03:40","guid":{"rendered":"https:\/\/radiowebmx.com\/nota\/?p=19938"},"modified":"2015-11-27T17:03:40","modified_gmt":"2015-11-27T23:03:40","slug":"dif-morelia-impulsa-el-desarrollo-economico-y-social-de-las-comunidades","status":"publish","type":"post","link":"https:\/\/radiowebmx.com\/nota\/dif-morelia-impulsa-el-desarrollo-economico-y-social-de-las-comunidades\/","title":{"rendered":"DIF Morelia impulsa el desarrollo econ\u00f3mico y social de las comunidades"},"content":{"rendered":"<p><a href=\"https:\/\/radiowebmx.com\/nota\/wp-content\/uploads\/2015\/11\/b9fe8153-6af0-4427-8e69-988a823bba67.jpg\"><img loading=\"lazy\" decoding=\"async\" class=\"alignleft size-full wp-image-19940\" src=\"https:\/\/radiowebmx.com\/nota\/wp-content\/uploads\/2015\/11\/b9fe8153-6af0-4427-8e69-988a823bba67.jpg\" alt=\"b9fe8153-6af0-4427-8e69-988a823bba67\" width=\"591\" height=\"300\" srcset=\"https:\/\/radiowebmx.com\/nota\/wp-content\/uploads\/2015\/11\/b9fe8153-6af0-4427-8e69-988a823bba67.jpg 591w, https:\/\/radiowebmx.com\/nota\/wp-content\/uploads\/2015\/11\/b9fe8153-6af0-4427-8e69-988a823bba67-300x152.jpg 300w\" sizes=\"auto, (max-width: 591px) 100vw, 591px\" \/><\/a><\/p>\n<p>Frente al grupo de mujeres trabajadoras, la presidenta del DIF municipal, expuso el inter\u00e9s de Ayuntamiento de Morelia que encabeza el Alcalde Alfonso Mart\u00ednez Alc\u00e1zar, por apoyar este tipo de proyectos productivos que en primer instancia, representa un ingreso familiar y por ende detona la econom\u00eda de los habitantes de esta regi\u00f3n.<\/p>\n<p>Paola Delgadillo resalt\u00f3 que la entrega de insumos para la elaboraci\u00f3n de pan, es resultado de las gestiones realizadas por la dependencia municipal, dando respuesta con ello a las solicitudes hechas por los pobladores hace un par de semanas cuando visit\u00f3 la comunidad de Nieves.<\/p>\n<p>Es de mencionar que la Panader\u00eda Comunitaria forma parte del Programa de Desarrollo Comunitario <strong>\u201cComunidad DIFerente\u201d<\/strong>, del Sistema DIF Michoac\u00e1n, cuyo objetivo es fortalecer el proceso de desarrollo comunitario, mediante la autogesti\u00f3n de proyectos productivos.<\/p>\n","protected":false},"excerpt":{"rendered":"<p>En aras de mejorar la calidad de vida de los morelianos, a trav\u00e9s de acciones que impulsen el desarrollo econ\u00f3mico y social del entorno en el que habitan, la Presidenta Honoraria del Sistema DIF Morelia,  Paola Delgadillo de Mart\u00ednez, <\/p>\n","protected":false},"author":1,"featured_media":19940,"comment_status":"open","ping_status":"open","sticky":false,"template":"","format":"standard","meta":{"footnotes":""},"categories":[14,9],"tags":[],"class_list":["post-19938","post","type-post","status-publish","format-standard","has-post-thumbnail","hentry","category-destacadas","category-morelia"],"_links":{"self":[{"href":"https:\/\/radiowebmx.com\/nota\/wp-json\/wp\/v2\/posts\/19938","targetHints":{"allow":["GET"]}}],"collection":[{"href":"https:\/\/radiowebmx.com\/nota\/wp-json\/wp\/v2\/posts"}],"about":[{"href":"https:\/\/radiowebmx.com\/nota\/wp-json\/wp\/v2\/types\/post"}],"author":[{"embeddable":true,"href":"https:\/\/radiowebmx.com\/nota\/wp-json\/wp\/v2\/users\/1"}],"replies":[{"embeddable":true,"href":"https:\/\/radiowebmx.com\/nota\/wp-json\/wp\/v2\/comments?post=19938"}],"version-history":[{"count":1,"href":"https:\/\/radiowebmx.com\/nota\/wp-json\/wp\/v2\/posts\/19938\/revisions"}],"predecessor-version":[{"id":19941,"href":"https:\/\/radiowebmx.com\/nota\/wp-json\/wp\/v2\/posts\/19938\/revisions\/19941"}],"wp:featuredmedia":[{"embeddable":true,"href":"https:\/\/radiowebmx.com\/nota\/wp-json\/wp\/v2\/media\/19940"}],"wp:attachment":[{"href":"https:\/\/radiowebmx.com\/nota\/wp-json\/wp\/v2\/media?parent=19938"}],"wp:term":[{"taxonomy":"category","embeddable":true,"href":"https:\/\/radiowebmx.com\/nota\/wp-json\/wp\/v2\/categories?post=19938"},{"taxonomy":"post_tag","embeddable":true,"href":"https:\/\/radiowebmx.com\/nota\/wp-json\/wp\/v2\/tags?post=19938"}],"curies":[{"name":"wp","href":"https:\/\/api.w.org\/{rel}","templated":true}]}}