{"id":19935,"date":"2015-11-27T16:53:01","date_gmt":"2015-11-27T22:53:01","guid":{"rendered":"https:\/\/radiowebmx.com\/nota\/?p=19935"},"modified":"2015-12-03T13:13:01","modified_gmt":"2015-12-03T19:13:01","slug":"amipac-entrega-presea-al-merito-periodistico-a-francisco-lopez-guido","status":"publish","type":"post","link":"https:\/\/radiowebmx.com\/nota\/amipac-entrega-presea-al-merito-periodistico-a-francisco-lopez-guido\/","title":{"rendered":"EL PERIODISTA FRANCISCO L\u00d3PEZ GUIDO RECIBE LA PRESEA AMIPAC."},"content":{"rendered":"<p><a href=\"https:\/\/radiowebmx.com\/nota\/wp-content\/uploads\/2015\/11\/12299759_983265555048791_675087600_o-1.jpg\"><img loading=\"lazy\" decoding=\"async\" class=\"alignleft size-full wp-image-19936\" src=\"https:\/\/radiowebmx.com\/nota\/wp-content\/uploads\/2015\/11\/12299759_983265555048791_675087600_o-1.jpg\" alt=\"12299759_983265555048791_675087600_o (1)\" width=\"591\" height=\"523\" srcset=\"https:\/\/radiowebmx.com\/nota\/wp-content\/uploads\/2015\/11\/12299759_983265555048791_675087600_o-1.jpg 591w, https:\/\/radiowebmx.com\/nota\/wp-content\/uploads\/2015\/11\/12299759_983265555048791_675087600_o-1-300x265.jpg 300w\" sizes=\"auto, (max-width: 591px) 100vw, 591px\" \/><\/a>La Asociaci\u00f3n Michoacana de Periodistas\u00a0 A.C. (AMIPAC), distingui\u00f3 con la presea al m\u00e9rito period\u00edstico 2015 al reconocido articulista Francisco L\u00f3pez Guido, y entreg\u00f3 un reconocimiento por su destacada labor period\u00edstica a la esposa e hijo del finado Edmundo Tinajero Gonz\u00e1lez, en el marco del 28 aniversario del nacimiento de \u00e9sta organizaci\u00f3n.<\/p>\n<p>Carlos Hurtado Cabrera, Presidente de la AMIPAC y la Diputada \u00a0Andrea Villanueva Cano, Presidenta del Comit\u00e9 de Comunicaci\u00f3n Social del Congreso en Michoac\u00e1n, colocaron la medalla al galardonado ante la presencia de un gran n\u00famero de periodistas y funcionarios de gobierno que asistieron al evento.<\/p>\n<p>En su intervenci\u00f3n, el periodista homenajeado agradeci\u00f3 la distinci\u00f3n a su persona e hizo una reflexi\u00f3n sobre la era de la digitalizaci\u00f3n y las nuevas tecnolog\u00edas, que obligan a los medios impresos a reinventar y ofrecer materiales novedosos para cautivar a los lectores, recomendando productos de calidad.<\/p>\n<p>Con una actitud humilde, Francisco L\u00f3pez Guido, autor de la columna \u201cToca mal\u201d por muchos a\u00f1os publicada en el peri\u00f3dico \u201cLa Voz de Michoac\u00e1n\u201d, hiso una remembranza desde sus inicios en el quehacer period\u00edstico y Rechaz\u00f3 que los medios impresos vayan a desaparecer, pero, \u201cse tendr\u00e1 que recuperar la credibilidad y cargar de contenido humano cada letra que se publica\u201d, sentenci\u00f3.<\/p>\n<p>Por otra parte, la Diputada Andrea Villanueva reconoci\u00f3 en la profesi\u00f3n del periodismo una nueva forma en que la sociedad alza la voz y demanda mejores condiciones de vida y de libertad de expresi\u00f3n, y aclar\u00f3 que, con la pasi\u00f3n plasmada a trav\u00e9s de las letras de L\u00f3pez Guido, deja un legado invaluable para las nuevas y futuras generaciones de informadores.<\/p>\n<p>Manifest\u00f3 que indiscutiblemente los periodistas han influido oportunamente en la din\u00e1mica social del estado y en la toma de decisiones de los gobiernos, contribuyendo en la construcci\u00f3n de una sociedad verdaderamente informada. Desde su labor como presidenta del Comit\u00e9 de Comunicaci\u00f3n, dijo que estar\u00e1 trabajando hombro con hombro con el gremio period\u00edstico, para dar mayor difusi\u00f3n a la labor que desempe\u00f1a el poder legislativo, y que los michoacanos conozcan los beneficios que brindan las leyes para mejor su calidad de vida.<\/p>\n<p>Tambi\u00e9n tomaron la palabra Fabio Sistos Rangel, Sindico del Ayuntamiento de Morelia y Marco Antonio Aguilar Cortez, quienes en un discurso reflexivo presentan al periodista como el motor de transformaci\u00f3n social y del humanismo que se debe vestir el trabajo period\u00edstico.<\/p>\n<p>En el pres\u00eddium tambi\u00e9n estuvieron Antonio Aguilera Espinoza, Asesor de la Coordinaci\u00f3n de Comunicaci\u00f3n Social de Gobierno del Estado y Orlando Vallejo Figueroa, en representaci\u00f3n del Rector de la Universidad Michoacana.<\/p>\n<p>&nbsp;<\/p>\n<p><iframe loading=\"lazy\" src=\"https:\/\/www.youtube.com\/embed\/uH7rS58s_pU\" width=\"560\" height=\"315\" frameborder=\"0\" allowfullscreen=\"allowfullscreen\"><\/iframe><br \/>\n<iframe loading=\"lazy\" width=\"560\" height=\"315\" src=\"https:\/\/www.youtube.com\/embed\/uB5gRqpGImE\" frameborder=\"0\" allowfullscreen><\/iframe><\/p>\n","protected":false},"excerpt":{"rendered":"<p>El experimentado periodista Francisco L\u00f3pez Guido fue condecorado esta ma\u00f1ana con la presea AMIPAC, que entrega la Asociaci\u00f3n Michoacana de Periodistas a lo m\u00e1s destacado del periodismo michoacano. <\/p>\n","protected":false},"author":1,"featured_media":19936,"comment_status":"open","ping_status":"open","sticky":false,"template":"","format":"standard","meta":{"footnotes":""},"categories":[14],"tags":[],"class_list":["post-19935","post","type-post","status-publish","format-standard","has-post-thumbnail","hentry","category-destacadas"],"_links":{"self":[{"href":"https:\/\/radiowebmx.com\/nota\/wp-json\/wp\/v2\/posts\/19935","targetHints":{"allow":["GET"]}}],"collection":[{"href":"https:\/\/radiowebmx.com\/nota\/wp-json\/wp\/v2\/posts"}],"about":[{"href":"https:\/\/radiowebmx.com\/nota\/wp-json\/wp\/v2\/types\/post"}],"author":[{"embeddable":true,"href":"https:\/\/radiowebmx.com\/nota\/wp-json\/wp\/v2\/users\/1"}],"replies":[{"embeddable":true,"href":"https:\/\/radiowebmx.com\/nota\/wp-json\/wp\/v2\/comments?post=19935"}],"version-history":[{"count":8,"href":"https:\/\/radiowebmx.com\/nota\/wp-json\/wp\/v2\/posts\/19935\/revisions"}],"predecessor-version":[{"id":20090,"href":"https:\/\/radiowebmx.com\/nota\/wp-json\/wp\/v2\/posts\/19935\/revisions\/20090"}],"wp:featuredmedia":[{"embeddable":true,"href":"https:\/\/radiowebmx.com\/nota\/wp-json\/wp\/v2\/media\/19936"}],"wp:attachment":[{"href":"https:\/\/radiowebmx.com\/nota\/wp-json\/wp\/v2\/media?parent=19935"}],"wp:term":[{"taxonomy":"category","embeddable":true,"href":"https:\/\/radiowebmx.com\/nota\/wp-json\/wp\/v2\/categories?post=19935"},{"taxonomy":"post_tag","embeddable":true,"href":"https:\/\/radiowebmx.com\/nota\/wp-json\/wp\/v2\/tags?post=19935"}],"curies":[{"name":"wp","href":"https:\/\/api.w.org\/{rel}","templated":true}]}}