{"id":19930,"date":"2015-11-26T12:17:08","date_gmt":"2015-11-26T18:17:08","guid":{"rendered":"https:\/\/radiowebmx.com\/nota\/?p=19930"},"modified":"2015-11-26T12:17:08","modified_gmt":"2015-11-26T18:17:08","slug":"busca-ayuntamiento-acciones-permanentes-para-conservar-el-manantial-de-la-mintzita","status":"publish","type":"post","link":"https:\/\/radiowebmx.com\/nota\/busca-ayuntamiento-acciones-permanentes-para-conservar-el-manantial-de-la-mintzita\/","title":{"rendered":"Busca Ayuntamiento acciones permanentes para conservar el Manantial de la Mintzita"},"content":{"rendered":"<p><a href=\"https:\/\/radiowebmx.com\/nota\/wp-content\/uploads\/2015\/11\/d400702b-7bce-43e2-a63b-8c233c1775c3.jpg\"><img loading=\"lazy\" decoding=\"async\" class=\"alignleft size-full wp-image-19931\" src=\"https:\/\/radiowebmx.com\/nota\/wp-content\/uploads\/2015\/11\/d400702b-7bce-43e2-a63b-8c233c1775c3.jpg\" alt=\"d400702b-7bce-43e2-a63b-8c233c1775c3\" width=\"1394\" height=\"704\" srcset=\"https:\/\/radiowebmx.com\/nota\/wp-content\/uploads\/2015\/11\/d400702b-7bce-43e2-a63b-8c233c1775c3.jpg 1394w, https:\/\/radiowebmx.com\/nota\/wp-content\/uploads\/2015\/11\/d400702b-7bce-43e2-a63b-8c233c1775c3-300x152.jpg 300w, https:\/\/radiowebmx.com\/nota\/wp-content\/uploads\/2015\/11\/d400702b-7bce-43e2-a63b-8c233c1775c3-1024x517.jpg 1024w\" sizes=\"auto, (max-width: 1394px) 100vw, 1394px\" \/><\/a><\/p>\n<p>Con el objetivo de desarrollar un plan de trabajo para rescatar el Manantial de la Mintzita, el cual dota en un 35 por ciento de agua a la ciudad de Morelia,\u00a0 este mi\u00e9rcoles el Presidente Municipal, Alfonso Mart\u00ednez Alc\u00e1zar encabez\u00f3 la mesa de trabajo en la que acad\u00e9micos y especialistas expusieron la situaci\u00f3n de este lugar.<\/p>\n<p>Ante los integrantes de la Comisi\u00f3n de Ecolog\u00eda que encabeza la regidora Mar\u00eda Elisa Garrido P\u00e9rez, as\u00ed como funcionarios de las dependencias de Urbanismo y Medio Ambiente, Protecci\u00f3n Civil y el Organismo Operador de Agua\u00a0Potable, Alcantarillado y Saneamiento, as\u00ed como defensores de este manantial, el Alcalde expuso que a pesar de ser una de las principales fuentes de agua de la ciudad, se ha explotado en demas\u00eda.<\/p>\n<p>Durante su participaci\u00f3n, Alfonso Mart\u00ednez dijo que a\u00f1o con a\u00f1o se realizan esfuerzos entre las distintas autoridades para limpiar el manantial, sin embargo, se requiere redoblar esfuerzos en conjunto entre sociedad y Gobierno.<\/p>\n<p>En este sentido, resalt\u00f3 que es importante dise\u00f1ar un esquema de trabajo colectivo en donde participen todos los actores de la sociedad con la finalidad de que las acciones que se realicen puedan arrojar mejores resultados, las cuales no se enfoquen en un solo d\u00eda de limpieza, sino que durante todo el a\u00f1o se realicen acciones tendientes al rescate de este manantial natural.<\/p>\n<p>\u201cCreo que el objetivo es blindar el manantial, que no est\u00e9 expuesto a tentaciones, que no est\u00e9 expuesta a invasiones ni a la contaminaci\u00f3n\u201d, se\u00f1al\u00f3.<\/p>\n<p>El Alcalde, subray\u00f3 que con estas mesas de trabajo lo que se buscar\u00e1, adem\u00e1s de c\u00f3mo proteger el manantial, es la planeaci\u00f3n para el rescate definitivo con el trabajo coordinado para establecer tareas\u00a0 permanentes y no un esfuerzo espor\u00e1dico.<\/p>\n<p>En su intervenci\u00f3n, la regidora Mar\u00eda Elisa Garrido P\u00e9rez indic\u00f3 que con estos trabajos se obtendr\u00e1n estrategias para promover desde el Ayuntamiento, estrategias que rescaten este manantial.<\/p>\n<p>Es de destacar que en estas mesas de trabajo participaron ocho expositores, seis de la Universidad Michoacana de San Nicol\u00e1s de Hidalgo y dos del Organismo Operador de Agua Potable, quienes dieron a conocer la situaci\u00f3n que priva en el manantial.<\/p>\n","protected":false},"excerpt":{"rendered":"<p>Con el objetivo de desarrollar un plan de trabajo para rescatar el Manantial de la Mintzita, el cual dota en un 35 por ciento de agua a la ciudad de Morelia,  este mi\u00e9rcoles el Presidente Municipal, Alfonso Mart\u00ednez Alc\u00e1zar encabez\u00f3 la mesa de trabajo en la que acad\u00e9micos y especialistas expusieron la situaci\u00f3n de este lugar.<\/p>\n","protected":false},"author":1,"featured_media":19931,"comment_status":"open","ping_status":"open","sticky":false,"template":"","format":"standard","meta":{"footnotes":""},"categories":[14,9],"tags":[],"class_list":["post-19930","post","type-post","status-publish","format-standard","has-post-thumbnail","hentry","category-destacadas","category-morelia"],"_links":{"self":[{"href":"https:\/\/radiowebmx.com\/nota\/wp-json\/wp\/v2\/posts\/19930","targetHints":{"allow":["GET"]}}],"collection":[{"href":"https:\/\/radiowebmx.com\/nota\/wp-json\/wp\/v2\/posts"}],"about":[{"href":"https:\/\/radiowebmx.com\/nota\/wp-json\/wp\/v2\/types\/post"}],"author":[{"embeddable":true,"href":"https:\/\/radiowebmx.com\/nota\/wp-json\/wp\/v2\/users\/1"}],"replies":[{"embeddable":true,"href":"https:\/\/radiowebmx.com\/nota\/wp-json\/wp\/v2\/comments?post=19930"}],"version-history":[{"count":1,"href":"https:\/\/radiowebmx.com\/nota\/wp-json\/wp\/v2\/posts\/19930\/revisions"}],"predecessor-version":[{"id":19933,"href":"https:\/\/radiowebmx.com\/nota\/wp-json\/wp\/v2\/posts\/19930\/revisions\/19933"}],"wp:featuredmedia":[{"embeddable":true,"href":"https:\/\/radiowebmx.com\/nota\/wp-json\/wp\/v2\/media\/19931"}],"wp:attachment":[{"href":"https:\/\/radiowebmx.com\/nota\/wp-json\/wp\/v2\/media?parent=19930"}],"wp:term":[{"taxonomy":"category","embeddable":true,"href":"https:\/\/radiowebmx.com\/nota\/wp-json\/wp\/v2\/categories?post=19930"},{"taxonomy":"post_tag","embeddable":true,"href":"https:\/\/radiowebmx.com\/nota\/wp-json\/wp\/v2\/tags?post=19930"}],"curies":[{"name":"wp","href":"https:\/\/api.w.org\/{rel}","templated":true}]}}