{"id":19923,"date":"2015-11-26T12:10:43","date_gmt":"2015-11-26T18:10:43","guid":{"rendered":"https:\/\/radiowebmx.com\/nota\/?p=19923"},"modified":"2015-11-26T12:11:47","modified_gmt":"2015-11-26T18:11:47","slug":"reconocen-productores-de-mezcal-apoyo-y-liderazgo-del-ayuntamiento-de-morelia","status":"publish","type":"post","link":"https:\/\/radiowebmx.com\/nota\/reconocen-productores-de-mezcal-apoyo-y-liderazgo-del-ayuntamiento-de-morelia\/","title":{"rendered":"Reconocen productores de mezcal apoyo y liderazgo del Ayuntamiento de Morelia"},"content":{"rendered":"<p><a href=\"https:\/\/radiowebmx.com\/nota\/wp-content\/uploads\/2015\/11\/76856a6a-7188-4cbe-ad5d-7af87e3b50e8.jpg\"><img loading=\"lazy\" decoding=\"async\" class=\"alignleft size-full wp-image-19924\" src=\"https:\/\/radiowebmx.com\/nota\/wp-content\/uploads\/2015\/11\/76856a6a-7188-4cbe-ad5d-7af87e3b50e8.jpg\" alt=\"76856a6a-7188-4cbe-ad5d-7af87e3b50e8\" width=\"591\" height=\"365\" srcset=\"https:\/\/radiowebmx.com\/nota\/wp-content\/uploads\/2015\/11\/76856a6a-7188-4cbe-ad5d-7af87e3b50e8.jpg 591w, https:\/\/radiowebmx.com\/nota\/wp-content\/uploads\/2015\/11\/76856a6a-7188-4cbe-ad5d-7af87e3b50e8-300x185.jpg 300w\" sizes=\"auto, (max-width: 591px) 100vw, 591px\" \/><\/a>Posicionar a Michoac\u00e1n como uno de los principales estados productores del mezcal en el pa\u00eds y a nivel internacional, as\u00ed como fortalecer la econom\u00eda local y atraer un mayor n\u00famero de turistas al municipio, son tan s\u00f3lo algunos de los beneficios que traer\u00e1 el II Encuentro Nacional de Mezcal, a realizarse de 27 al 29 de noviembre en la capital michoacana.<\/p>\n<p>Lo anterior lo destac\u00f3 en rueda de prensa el Presidente Municipal de Morelia, Alfonso Mart\u00ednez Alc\u00e1zar, quien llam\u00f3 a la ciudadan\u00eda a sumarse a este magno evento que adem\u00e1s permitir\u00e1 dar a conocer las cadenas de valor de productores locales y de los 13 estados que participar\u00e1n.<\/p>\n<p>En compa\u00f1\u00eda de la secretaria de Fomento Econ\u00f3mico, Ireri Rivera\u00a0 Garc\u00eda y del presidente del Sistema Producto Maguey-Mezcal en Michoac\u00e1n, Emilio Vieyra Vargas, el Alcalde indic\u00f3 que la intenci\u00f3n es superar las expectativas de derrama econ\u00f3mica del primer encuentro, en el que se obtuvieron m\u00e1s de 2 millones de pesos, as\u00ed como la afluencia de cerca de 5 mil personas.<\/p>\n<p>\u201cQueremos que este evento se consolide, para que cada a\u00f1o aumente la derrama econ\u00f3mica para los productores y para nuestro municipio, al mismo tiempo que pueda atraer a\u00fan m\u00e1s turismo a la capital del Estado\u201d, especific\u00f3.<\/p>\n<p>En su oportunidad, Rivera Garc\u00eda, inform\u00f3 que se espera la asistencia de 106 productores de mezcal de 13 estados de la Rep\u00fablica, los cuales estar\u00e1n representando a 120 marcas.<\/p>\n<p>Refiri\u00f3 que el II Encuentro Nacional de Mezcal coadyuvar\u00e1 al fortalecimiento de las marcas de mezcal que se encuentran en proceso de certificaci\u00f3n actualmente, a fin de que los productores puedan contar con los est\u00e1ndares necesarios para expandir la comercializaci\u00f3n a nivel nacional e internacional.<\/p>\n<p>Asimismo, record\u00f3 que se tienen contempladas una serie de conferencias magistrales, una muestra gastron\u00f3mica, presentaciones culturales y catas de mezcal en diferentes centros recreativos, con la intenci\u00f3n de enaltecer el encuentro y el disfrute de los asistentes.<\/p>\n<p>Por su parte, el presidente del Sistema Producto Maguey-Mezcal en el estado, reconoci\u00f3 la disposici\u00f3n del Presidente Municipal Alfonso Mart\u00ednez, ya que \u201cgracias su gran liderazgo y al arduo trabajo que realiz\u00f3 el Ayuntamiento a tan s\u00f3lo unos meses de que entr\u00f3 la administraci\u00f3n se concretara el encuentro\u201d.<\/p>\n","protected":false},"excerpt":{"rendered":"<p>Posicionar a Michoac\u00e1n como uno de los principales estados productores del mezcal en el pa\u00eds y a nivel internacional, as\u00ed como fortalecer la econom\u00eda local y atraer un mayor n\u00famero de turistas al municipio, son tan s\u00f3lo algunos de los beneficios que traer\u00e1 el II Encuentro Nacional de Mezcal, a realizarse de 27 al 29 de noviembre en la capital michoacana.<\/p>\n","protected":false},"author":1,"featured_media":19924,"comment_status":"open","ping_status":"open","sticky":false,"template":"","format":"standard","meta":{"footnotes":""},"categories":[14,9],"tags":[],"class_list":["post-19923","post","type-post","status-publish","format-standard","has-post-thumbnail","hentry","category-destacadas","category-morelia"],"_links":{"self":[{"href":"https:\/\/radiowebmx.com\/nota\/wp-json\/wp\/v2\/posts\/19923","targetHints":{"allow":["GET"]}}],"collection":[{"href":"https:\/\/radiowebmx.com\/nota\/wp-json\/wp\/v2\/posts"}],"about":[{"href":"https:\/\/radiowebmx.com\/nota\/wp-json\/wp\/v2\/types\/post"}],"author":[{"embeddable":true,"href":"https:\/\/radiowebmx.com\/nota\/wp-json\/wp\/v2\/users\/1"}],"replies":[{"embeddable":true,"href":"https:\/\/radiowebmx.com\/nota\/wp-json\/wp\/v2\/comments?post=19923"}],"version-history":[{"count":2,"href":"https:\/\/radiowebmx.com\/nota\/wp-json\/wp\/v2\/posts\/19923\/revisions"}],"predecessor-version":[{"id":19926,"href":"https:\/\/radiowebmx.com\/nota\/wp-json\/wp\/v2\/posts\/19923\/revisions\/19926"}],"wp:featuredmedia":[{"embeddable":true,"href":"https:\/\/radiowebmx.com\/nota\/wp-json\/wp\/v2\/media\/19924"}],"wp:attachment":[{"href":"https:\/\/radiowebmx.com\/nota\/wp-json\/wp\/v2\/media?parent=19923"}],"wp:term":[{"taxonomy":"category","embeddable":true,"href":"https:\/\/radiowebmx.com\/nota\/wp-json\/wp\/v2\/categories?post=19923"},{"taxonomy":"post_tag","embeddable":true,"href":"https:\/\/radiowebmx.com\/nota\/wp-json\/wp\/v2\/tags?post=19923"}],"curies":[{"name":"wp","href":"https:\/\/api.w.org\/{rel}","templated":true}]}}