{"id":19920,"date":"2015-11-26T12:08:30","date_gmt":"2015-11-26T18:08:30","guid":{"rendered":"https:\/\/radiowebmx.com\/nota\/?p=19920"},"modified":"2015-11-26T12:08:30","modified_gmt":"2015-11-26T18:08:30","slug":"la-equidad-de-genero-debe-promoverse-todos-los-dias-alcalde-alfonso-martinez","status":"publish","type":"post","link":"https:\/\/radiowebmx.com\/nota\/la-equidad-de-genero-debe-promoverse-todos-los-dias-alcalde-alfonso-martinez\/","title":{"rendered":"La equidad de g\u00e9nero debe promoverse todos los d\u00edas: Alcalde Alfonso Mart\u00ednez"},"content":{"rendered":"<p><a href=\"https:\/\/radiowebmx.com\/nota\/wp-content\/uploads\/2015\/11\/049b4a7c-5002-4708-a2e5-95814cf910d4.jpg\"><img loading=\"lazy\" decoding=\"async\" class=\"alignleft size-full wp-image-19921\" src=\"https:\/\/radiowebmx.com\/nota\/wp-content\/uploads\/2015\/11\/049b4a7c-5002-4708-a2e5-95814cf910d4.jpg\" alt=\"049b4a7c-5002-4708-a2e5-95814cf910d4\" width=\"591\" height=\"333\" srcset=\"https:\/\/radiowebmx.com\/nota\/wp-content\/uploads\/2015\/11\/049b4a7c-5002-4708-a2e5-95814cf910d4.jpg 591w, https:\/\/radiowebmx.com\/nota\/wp-content\/uploads\/2015\/11\/049b4a7c-5002-4708-a2e5-95814cf910d4-300x169.jpg 300w, https:\/\/radiowebmx.com\/nota\/wp-content\/uploads\/2015\/11\/049b4a7c-5002-4708-a2e5-95814cf910d4-128x72.jpg 128w\" sizes=\"auto, (max-width: 591px) 100vw, 591px\" \/><\/a>Con el objetivo de llevar a cabo acciones que permitan \u00a0erradicar el problema de la violencia en contra de las mujeres morelianas, este mi\u00e9rcoles el Presidente Municipal Alfonso Mart\u00ednez Alc\u00e1zar dio la declaratoria formal para que a partir de esta fecha -25 de noviembre- se instaure el D\u00eda Municipal de la Eliminaci\u00f3n de la Violencia contra la Mujer Moreliana.<\/p>\n<p>Mart\u00ednez Alc\u00e1zar resalt\u00f3 que durante su gobierno se trabajar\u00e1\u00a0 arduamente con la inclusi\u00f3n y la equidad de g\u00e9nero, los cuales son factores indispensables para poder acabar con este fen\u00f3meno que lacera a dicho sector de la sociedad.<\/p>\n<p>Ante ello, subray\u00f3 que es fundamental que no s\u00f3lo se realicen actividades en el marco del D\u00eda Internacional de la Violencia contra la Mujer, sino que se realicen todo el a\u00f1o con la finalidad de que las estad\u00edsticas puedan ir disminuyendo, de tal forma que se garantice un pleno desarrollo de la mujer tanto en el \u00e1mbito familiar como en el profesional.<\/p>\n<p>Ante la directora del Instituto Municipal de la Mujer Moreliana,\u00a0Carmen Alicia Ojeda D\u00e1vila, el s\u00edndico Fabio Sistos Rangel, las regidoras Alma Bahena Villalobos, Claudia L\u00e1zaro Medina y funcionarios del Ayuntamiento, el Alcalde expres\u00f3 que\u00a0 es necesario atender esta problem\u00e1tica todos los d\u00edas con la participaci\u00f3n de la ciudadan\u00eda y de las instituciones correspondientes para atacar este factor.<\/p>\n<p>Asimismo, resalt\u00f3 que el tema de la violencia de g\u00e9nero no solamente debe ser exclusivo de la mujer, sino que debe ser un tema que abarque a toda la sociedad la cual tendr\u00eda que participar para que la disminuci\u00f3n de las cifras se vuelva una realidad y no s\u00f3lo se quede en un discurso.<\/p>\n<p>Bajo este contexto, Alfonso Mart\u00ednez indic\u00f3 que para lograr resultados se tienen que trabajar en el acompa\u00f1amiento de esta problem\u00e1tica para lograr una sociedad sana e incluyente.<\/p>\n<p>\u201cPara que se pueda terminar esa violencia en contra de la mujer tenemos que contribuir, tenemos que trabajar de manera conjunta para que esto pueda erradicarse\u201d expres\u00f3 el Presidente Municipal.<\/p>\n<p>Finalmente,\u00a0Carmen Alicia Ojeda D\u00e1vila directora del Instituto de la Mujer Moreliana coment\u00f3 que\u00a0el 50 por ciento de las mujeres de este estado sufren violencia y se sienten inseguras en lugares p\u00fablicos, mientras que el 85 por ciento de las mujeres que acuden al instituto de la Mujer son violentadas de sus propias parejas.<\/p>\n","protected":false},"excerpt":{"rendered":"<p>Con el objetivo de llevar a cabo acciones que permitan  erradicar el problema de la violencia en contra de las mujeres morelianas, este mi\u00e9rcoles el Presidente Municipal Alfonso Mart\u00ednez Alc\u00e1zar dio la declaratoria formal para que a partir de esta fecha -25 de noviembre- se instaure el D\u00eda Municipal de la Eliminaci\u00f3n de la Violencia contra la Mujer Moreliana.<\/p>\n","protected":false},"author":1,"featured_media":19921,"comment_status":"open","ping_status":"open","sticky":false,"template":"","format":"standard","meta":{"footnotes":""},"categories":[14,9],"tags":[],"class_list":["post-19920","post","type-post","status-publish","format-standard","has-post-thumbnail","hentry","category-destacadas","category-morelia"],"_links":{"self":[{"href":"https:\/\/radiowebmx.com\/nota\/wp-json\/wp\/v2\/posts\/19920","targetHints":{"allow":["GET"]}}],"collection":[{"href":"https:\/\/radiowebmx.com\/nota\/wp-json\/wp\/v2\/posts"}],"about":[{"href":"https:\/\/radiowebmx.com\/nota\/wp-json\/wp\/v2\/types\/post"}],"author":[{"embeddable":true,"href":"https:\/\/radiowebmx.com\/nota\/wp-json\/wp\/v2\/users\/1"}],"replies":[{"embeddable":true,"href":"https:\/\/radiowebmx.com\/nota\/wp-json\/wp\/v2\/comments?post=19920"}],"version-history":[{"count":1,"href":"https:\/\/radiowebmx.com\/nota\/wp-json\/wp\/v2\/posts\/19920\/revisions"}],"predecessor-version":[{"id":19922,"href":"https:\/\/radiowebmx.com\/nota\/wp-json\/wp\/v2\/posts\/19920\/revisions\/19922"}],"wp:featuredmedia":[{"embeddable":true,"href":"https:\/\/radiowebmx.com\/nota\/wp-json\/wp\/v2\/media\/19921"}],"wp:attachment":[{"href":"https:\/\/radiowebmx.com\/nota\/wp-json\/wp\/v2\/media?parent=19920"}],"wp:term":[{"taxonomy":"category","embeddable":true,"href":"https:\/\/radiowebmx.com\/nota\/wp-json\/wp\/v2\/categories?post=19920"},{"taxonomy":"post_tag","embeddable":true,"href":"https:\/\/radiowebmx.com\/nota\/wp-json\/wp\/v2\/tags?post=19920"}],"curies":[{"name":"wp","href":"https:\/\/api.w.org\/{rel}","templated":true}]}}