{"id":19914,"date":"2015-11-26T10:12:12","date_gmt":"2015-11-26T16:12:12","guid":{"rendered":"https:\/\/radiowebmx.com\/nota\/?p=19914"},"modified":"2015-11-26T10:12:12","modified_gmt":"2015-11-26T16:12:12","slug":"eligen-a-los-12-ganadores-del-galardon-municipal-del-deporte","status":"publish","type":"post","link":"https:\/\/radiowebmx.com\/nota\/eligen-a-los-12-ganadores-del-galardon-municipal-del-deporte\/","title":{"rendered":"Eligen a los 12 ganadores del Galard\u00f3n Municipal del Deporte"},"content":{"rendered":"<p><a href=\"https:\/\/radiowebmx.com\/nota\/wp-content\/uploads\/2015\/11\/86b3466d-4dda-48d4-a8c6-88129f7a30c0.jpg\"><img loading=\"lazy\" decoding=\"async\" class=\"alignleft size-full wp-image-19915\" src=\"https:\/\/radiowebmx.com\/nota\/wp-content\/uploads\/2015\/11\/86b3466d-4dda-48d4-a8c6-88129f7a30c0.jpg\" alt=\"86b3466d-4dda-48d4-a8c6-88129f7a30c0\" width=\"591\" height=\"203\" srcset=\"https:\/\/radiowebmx.com\/nota\/wp-content\/uploads\/2015\/11\/86b3466d-4dda-48d4-a8c6-88129f7a30c0.jpg 591w, https:\/\/radiowebmx.com\/nota\/wp-content\/uploads\/2015\/11\/86b3466d-4dda-48d4-a8c6-88129f7a30c0-300x103.jpg 300w\" sizes=\"auto, (max-width: 591px) 100vw, 591px\" \/><\/a>El Consejo de Premiaci\u00f3n, encabezado por el director general del Instituto Municipal de\u00a0 Cultura F\u00edsica y Deporte (IMDE), Gustavo Ju\u00e1rez Bedolla, design\u00f3 a los ganadores del Galard\u00f3n Municipal del Deporte \u201cBert\u00edn Aguilar P\u00e9rez\u201d, entre los que figuran, la tenista Julia Garc\u00eda y el comunicador, Jaime Ariel Trujillo. La condecoraci\u00f3n se entregar\u00e1 de forma oficial el pr\u00f3ximo lunes 30 de noviembre en sesi\u00f3n de Cabildo.<\/p>\n<p>El Ayuntamiento de Morelia que encabeza el Alcalde, Alfonso Mart\u00ednez Alc\u00e1zar, a trav\u00e9s de la Comisi\u00f3n de Mujer, Juventud y Deporte y a trav\u00e9s del IMDE, otorga por tercera ocasi\u00f3n el est\u00edmulo, el cual reconoce el desempe\u00f1o de los deportistas y de aquellos que se encargaron de fomentar, de proteger o impulsar la pr\u00e1ctica del deporte durante el 2015.<\/p>\n<p>El Galard\u00f3n Municipal del Deporte \u201cBert\u00edn Aguilar P\u00e9rez\u201d, tiene la intenci\u00f3n de reconocer a los atletas, entrenadores, promotores y comunicadores que en base a sus aportes, pusieran en alto el nombre de Morelia en el rubro deportivo. Bert\u00edn Aguilar P\u00e9rez, es un destacado profesor de educaci\u00f3n f\u00edsica, s\u00edmbolo del deporte y la ense\u00f1anza en Morelia, durante m\u00e1s de 60 a\u00f1os.<\/p>\n<p>Por tal motivo, el Consejo de Premiaci\u00f3n, entr\u00f3 en sesi\u00f3n este d\u00eda, en las oficinas del IMDE, ubicadas en la Unidad Deportiva Morelos-Indeco, para definir, de entre las 25 propuestas presentadas, a los acreedores al premio, en base a un sistema de puntuaci\u00f3n, el cual media el nivel de la competencia, misma que deb\u00eda ser de car\u00e1cter oficial, as\u00ed como el resultado obtenido, o bien, la trayectoria del nominado, esto para el caso de las categor\u00edas de comunicador y promotor.<\/p>\n<p><strong>GANADORES<\/strong><\/p>\n<p>El Consejo de Premiaci\u00f3n estuvo conformado por: F\u00e9lix Madrigal Pulido, regidor de la Comisi\u00f3n de Mujer, Juventud y Deporte; Gustavo Ju\u00e1rez Bedolla, director general del IMDE; Oscar Ch\u00e1vez Mart\u00ednez, presidente de la Asociaci\u00f3n de Futbol R\u00e1pido y Futbol 7; Mar\u00eda Guadalupe Zavala Cordero, titular de la Liga Municipal de Cachibol; Abel Salda\u00f1a Jaimez, l\u00edder de la Liga Municipal de Beisbol; la deportista destacada, Anayatzin Guzm\u00e1n Fuerte; el reconocido entrenador, Sergio Barajas Acosta; adem\u00e1s de los representantes de los medios de comunicaci\u00f3n, Luis Alfonso G\u00f3mez y Ubaldo Garibay. En car\u00e1cter de invitados de honor se dieron cita, miembros de la Gendarmer\u00eda Federal.<\/p>\n<p>La m\u00e1xima condecoraci\u00f3n por parte del Ayuntamiento en materia deportiva,\u00a0 consiste en una estatuilla y un diploma, el cual ser\u00e1 entregado el pr\u00f3ximo lunes 30 de noviembre, en sesi\u00f3n solemne de Cabildo, encabezada por el Alcalde, Alfonso Mart\u00ednez Alc\u00e1zar.<\/p>\n","protected":false},"excerpt":{"rendered":"<p>El Consejo de Premiaci\u00f3n, encabezado por el director general del IMDE, Gustavo Ju\u00e1rez Bedolla, design\u00f3 a los ganadores del Galard\u00f3n Municipal del Deporte \u201cBert\u00edn Aguilar P\u00e9rez\u201d, entre los que figuran, la tenista Julia Garc\u00eda y el comunicador, Jaime Ariel Trujillo. La condecoraci\u00f3n se entregar\u00e1 de forma oficial el pr\u00f3ximo lunes 30 de noviembre en sesi\u00f3n de Cabildo.<\/p>\n","protected":false},"author":1,"featured_media":19915,"comment_status":"open","ping_status":"open","sticky":false,"template":"","format":"standard","meta":{"footnotes":""},"categories":[14,9],"tags":[],"class_list":["post-19914","post","type-post","status-publish","format-standard","has-post-thumbnail","hentry","category-destacadas","category-morelia"],"_links":{"self":[{"href":"https:\/\/radiowebmx.com\/nota\/wp-json\/wp\/v2\/posts\/19914","targetHints":{"allow":["GET"]}}],"collection":[{"href":"https:\/\/radiowebmx.com\/nota\/wp-json\/wp\/v2\/posts"}],"about":[{"href":"https:\/\/radiowebmx.com\/nota\/wp-json\/wp\/v2\/types\/post"}],"author":[{"embeddable":true,"href":"https:\/\/radiowebmx.com\/nota\/wp-json\/wp\/v2\/users\/1"}],"replies":[{"embeddable":true,"href":"https:\/\/radiowebmx.com\/nota\/wp-json\/wp\/v2\/comments?post=19914"}],"version-history":[{"count":1,"href":"https:\/\/radiowebmx.com\/nota\/wp-json\/wp\/v2\/posts\/19914\/revisions"}],"predecessor-version":[{"id":19916,"href":"https:\/\/radiowebmx.com\/nota\/wp-json\/wp\/v2\/posts\/19914\/revisions\/19916"}],"wp:featuredmedia":[{"embeddable":true,"href":"https:\/\/radiowebmx.com\/nota\/wp-json\/wp\/v2\/media\/19915"}],"wp:attachment":[{"href":"https:\/\/radiowebmx.com\/nota\/wp-json\/wp\/v2\/media?parent=19914"}],"wp:term":[{"taxonomy":"category","embeddable":true,"href":"https:\/\/radiowebmx.com\/nota\/wp-json\/wp\/v2\/categories?post=19914"},{"taxonomy":"post_tag","embeddable":true,"href":"https:\/\/radiowebmx.com\/nota\/wp-json\/wp\/v2\/tags?post=19914"}],"curies":[{"name":"wp","href":"https:\/\/api.w.org\/{rel}","templated":true}]}}