{"id":19910,"date":"2015-11-26T10:08:59","date_gmt":"2015-11-26T16:08:59","guid":{"rendered":"https:\/\/radiowebmx.com\/nota\/?p=19910"},"modified":"2015-11-26T10:09:40","modified_gmt":"2015-11-26T16:09:40","slug":"llama-alcalde-alfonso-martinez-a-la-participacion-de-toda-la-sociedad-para-lograr-la-equidad-de-genero","status":"publish","type":"post","link":"https:\/\/radiowebmx.com\/nota\/llama-alcalde-alfonso-martinez-a-la-participacion-de-toda-la-sociedad-para-lograr-la-equidad-de-genero\/","title":{"rendered":"Llama Alcalde Alfonso Mart\u00ednez a la participaci\u00f3n de toda la sociedad para lograr la equidad de g\u00e9nero"},"content":{"rendered":"<p><a href=\"https:\/\/radiowebmx.com\/nota\/wp-content\/uploads\/2015\/11\/3add8206-1426-435c-941f-f1c3771a50701.jpg\"><img loading=\"lazy\" decoding=\"async\" class=\"alignleft size-full wp-image-19912\" src=\"https:\/\/radiowebmx.com\/nota\/wp-content\/uploads\/2015\/11\/3add8206-1426-435c-941f-f1c3771a50701.jpg\" alt=\"3add8206-1426-435c-941f-f1c3771a5070\" width=\"591\" height=\"299\" srcset=\"https:\/\/radiowebmx.com\/nota\/wp-content\/uploads\/2015\/11\/3add8206-1426-435c-941f-f1c3771a50701.jpg 591w, https:\/\/radiowebmx.com\/nota\/wp-content\/uploads\/2015\/11\/3add8206-1426-435c-941f-f1c3771a50701-300x152.jpg 300w\" sizes=\"auto, (max-width: 591px) 100vw, 591px\" \/><\/a>El Presidente Municipal de Morelia, Alfonso Mart\u00ednez Alc\u00e1zar, se pronunci\u00f3 a favor de concretar pol\u00edticas p\u00fablicas enfocadas a las mujeres jefas de familia, que reivindiquen su trascendente labor a favor de la sociedad.<\/p>\n<p>Lo anterior fue se\u00f1alado en el evento celebrado la ma\u00f1ana de este mi\u00e9rcoles en Casa de Gobierno, para conmemorar el <strong>D\u00eda Internacional de la Eliminaci\u00f3n\u00a0 de la Violencia contra la Mujer.<\/strong><\/p>\n<p>En este marco, el Alcalde manifest\u00f3 que la lucha debe ser de la sociedad entera para lograr la equidad,\u00a0 igualdad y la eliminaci\u00f3n\u00a0 de la violencia.<\/p>\n<p>En presencia del gobernador del Estado,\u00a0 Silvano Aureoles Conejo,\u00a0 la secretaria de la Mujer, Fabiola Alan\u00eds S\u00e1mano, la Presidenta Honoraria del DIF municipal\u00a0 Paola Delgadillo de Mart\u00ednez, entre otros, destac\u00f3 la importancia de reconocer la labor que las mujeres madres de familia realizan al inculcar valores\u00a0 a sus hijos.<\/p>\n<p>Indic\u00f3 que cada vez es mayor la incursi\u00f3n de las mujeres en la vida laboral, la cual no ha estado exenta de complicaciones al jugar un doble rol en la sociedad: atender a la familia y desempe\u00f1arse\u00a0 en el trabajo.<\/p>\n<p>Alfonso Mart\u00ednez se\u00f1al\u00f3 que la figura femenina, como el pilar de la familia y empresaria, requiere el apoyo de los hombres al involucrarse m\u00e1s en el cuidado de los hijos y las labores dom\u00e9sticas, de manera que haya una mayor equidad e igualdad de condiciones para desarrollarse profesionalmente.<\/p>\n<p>En\u00a0 este evento en el que se pronunciaron autoridades estatales y municipales por cero tolerancia a la violencia\u00a0 contra la mujer estuvieron presentes tambi\u00e9n\u00a0 Cintia Galia Mendoza, Doctora de la Facultad\u00a0 de Derecho de la UNAM, el diputado y presidente de la Mesa Directiva del Congreso del Estado, Raymundo Arreola Ortega y Roc\u00edo Beamonte Romero, presidente del Sistema DIF Michoac\u00e1n.<\/p>\n","protected":false},"excerpt":{"rendered":"<p>El Presidente Municipal de Morelia, Alfonso Mart\u00ednez Alc\u00e1zar, se pronunci\u00f3 a favor de concretar pol\u00edticas p\u00fablicas enfocadas a las mujeres jefas de familia, que reivindiquen su trascendente labor a favor de la sociedad.<\/p>\n","protected":false},"author":1,"featured_media":19912,"comment_status":"open","ping_status":"open","sticky":false,"template":"","format":"standard","meta":{"footnotes":""},"categories":[14,9],"tags":[],"class_list":["post-19910","post","type-post","status-publish","format-standard","has-post-thumbnail","hentry","category-destacadas","category-morelia"],"_links":{"self":[{"href":"https:\/\/radiowebmx.com\/nota\/wp-json\/wp\/v2\/posts\/19910","targetHints":{"allow":["GET"]}}],"collection":[{"href":"https:\/\/radiowebmx.com\/nota\/wp-json\/wp\/v2\/posts"}],"about":[{"href":"https:\/\/radiowebmx.com\/nota\/wp-json\/wp\/v2\/types\/post"}],"author":[{"embeddable":true,"href":"https:\/\/radiowebmx.com\/nota\/wp-json\/wp\/v2\/users\/1"}],"replies":[{"embeddable":true,"href":"https:\/\/radiowebmx.com\/nota\/wp-json\/wp\/v2\/comments?post=19910"}],"version-history":[{"count":1,"href":"https:\/\/radiowebmx.com\/nota\/wp-json\/wp\/v2\/posts\/19910\/revisions"}],"predecessor-version":[{"id":19913,"href":"https:\/\/radiowebmx.com\/nota\/wp-json\/wp\/v2\/posts\/19910\/revisions\/19913"}],"wp:featuredmedia":[{"embeddable":true,"href":"https:\/\/radiowebmx.com\/nota\/wp-json\/wp\/v2\/media\/19912"}],"wp:attachment":[{"href":"https:\/\/radiowebmx.com\/nota\/wp-json\/wp\/v2\/media?parent=19910"}],"wp:term":[{"taxonomy":"category","embeddable":true,"href":"https:\/\/radiowebmx.com\/nota\/wp-json\/wp\/v2\/categories?post=19910"},{"taxonomy":"post_tag","embeddable":true,"href":"https:\/\/radiowebmx.com\/nota\/wp-json\/wp\/v2\/tags?post=19910"}],"curies":[{"name":"wp","href":"https:\/\/api.w.org\/{rel}","templated":true}]}}