{"id":19906,"date":"2015-11-26T10:06:13","date_gmt":"2015-11-26T16:06:13","guid":{"rendered":"https:\/\/radiowebmx.com\/nota\/?p=19906"},"modified":"2015-11-26T10:06:13","modified_gmt":"2015-11-26T16:06:13","slug":"el-pri-se-suma-a-la-campana-de-la-no-violencia-contra-las-mujeres","status":"publish","type":"post","link":"https:\/\/radiowebmx.com\/nota\/el-pri-se-suma-a-la-campana-de-la-no-violencia-contra-las-mujeres\/","title":{"rendered":"EL PRI SE SUMA A LA CAMPA\u00d1A DE LA \u201cNO VIOLENCIA CONTRA LAS MUJERES\u201d"},"content":{"rendered":"<p class=\"ecxMsoNormal\"><a href=\"https:\/\/radiowebmx.com\/nota\/wp-content\/uploads\/2015\/11\/DSC_0456.jpg\"><img loading=\"lazy\" decoding=\"async\" class=\"alignleft size-full wp-image-19907\" src=\"https:\/\/radiowebmx.com\/nota\/wp-content\/uploads\/2015\/11\/DSC_0456.jpg\" alt=\"DSC_0456\" width=\"591\" height=\"310\" srcset=\"https:\/\/radiowebmx.com\/nota\/wp-content\/uploads\/2015\/11\/DSC_0456.jpg 591w, https:\/\/radiowebmx.com\/nota\/wp-content\/uploads\/2015\/11\/DSC_0456-300x157.jpg 300w\" sizes=\"auto, (max-width: 591px) 100vw, 591px\" \/><\/a>El Partido Revolucionario Institucional, se sum\u00f3 a la campa\u00f1a de la \u201cNo violencia en contra de las mujeres\u201d y este d\u00eda en las instalaciones del CDE, se llev\u00f3 a cabo el taller denominado \u201cNo Violencia\u201d impartido por el catedr\u00e1tico Carlos Farf\u00e1n Garc\u00eda.<\/p>\n<p class=\"ecxMsoNormal\">El dirigente estatal del PRI, Agust\u00edn Trujillo \u00cd\u00f1iguez, subray\u00f3 que es un honor y un compromiso que el Revolucionario Institucional participe en este mes de la no violencia, \u201cestamos al pendiente de estos temas y trabajamos con nuestras fracciones parlamentarias en los congresos local y federal para legislar en favor de las mujeres\u201d.<\/p>\n<p class=\"ecxMsoNormal\">\u201cEl PRI ha sido punta de lanza y vanguardia en este tema, nuestras diputadas est\u00e1n haciendo lo propio en el congreso, son m\u00e1s mujeres que hombres del PRI en esta LXXIII Legislatura y ellas tienen todo el respaldo del partido para realizar leyes y reformar las que ya existen en favor de las mujeres\u201d enfatiz\u00f3 el l\u00edder estatal del tricolor.<\/p>\n<p class=\"ecxMsoNormal\">El Presidente del CDE, acompa\u00f1ado de la Secretaria General del CDE, Yanitzi Palomo Calder\u00f3n y de la diputada local Eloisa Berber Zerme\u00f1o, afirm\u00f3 que el PRI est\u00e1 por encima de los dem\u00e1s institutos pol\u00edticos en este tema, \u201cdebemos respetar a las mujeres y en el PRI somos un partido consciente de esto, por eso encabezados por nuestra dirigencia nacional, los 32 comit\u00e9s estatales nos hemos sumado a esta campa\u00f1a\u201d.<\/p>\n<p class=\"ecxMsoNormal\">Ante la presencia de mujeres como la exdiputada Rosa Mar\u00eda Molina, la Secretaria T\u00e9cnica del Consejo Pol\u00edtico Estatal, Martha Patricia Medina Garibay y la Secretaria de Acci\u00f3n Ind\u00edgena del CDE, Mar\u00eda de Jes\u00fas Torres Villaf\u00e1n, el l\u00edder pri\u00edsta, fue enf\u00e1tico en que hay que trabajar decididamente entre todos para que en Michoac\u00e1n se erradique por completo la violencia de genero.<\/p>\n<p class=\"ecxMsoNormal\">Agust\u00edn Trujillo, dijo que esto no es un tema de car\u00e1cter local sino internacional, que ha sido tomado en cuenta por la Organizaci\u00f3n de las Naciones Unidas, por jefes de estado de todo el mundo, incluso por actores internacionales, quienes tratan de concientizar a la sociedad y \u201cen el PRI nuestro compromiso es que se borre por completo la violencia contra las mujeres\u201d\u00a0 finaliz\u00f3.<\/p>\n","protected":false},"excerpt":{"rendered":"<p>El Partido Revolucionario Institucional, se sum\u00f3 a la campa\u00f1a de la \u201cNo violencia en contra de las mujeres\u201d y este d\u00eda en las instalaciones del CDE, se llev\u00f3 a cabo el taller denominado \u201cNo Violencia\u201d impartido por el catedr\u00e1tico Carlos Farf\u00e1n Garc\u00eda.<\/p>\n","protected":false},"author":1,"featured_media":19907,"comment_status":"open","ping_status":"open","sticky":false,"template":"","format":"standard","meta":{"footnotes":""},"categories":[14,11,12],"tags":[],"class_list":["post-19906","post","type-post","status-publish","format-standard","has-post-thumbnail","hentry","category-destacadas","category-partidos-politicos","category-pri"],"_links":{"self":[{"href":"https:\/\/radiowebmx.com\/nota\/wp-json\/wp\/v2\/posts\/19906","targetHints":{"allow":["GET"]}}],"collection":[{"href":"https:\/\/radiowebmx.com\/nota\/wp-json\/wp\/v2\/posts"}],"about":[{"href":"https:\/\/radiowebmx.com\/nota\/wp-json\/wp\/v2\/types\/post"}],"author":[{"embeddable":true,"href":"https:\/\/radiowebmx.com\/nota\/wp-json\/wp\/v2\/users\/1"}],"replies":[{"embeddable":true,"href":"https:\/\/radiowebmx.com\/nota\/wp-json\/wp\/v2\/comments?post=19906"}],"version-history":[{"count":1,"href":"https:\/\/radiowebmx.com\/nota\/wp-json\/wp\/v2\/posts\/19906\/revisions"}],"predecessor-version":[{"id":19908,"href":"https:\/\/radiowebmx.com\/nota\/wp-json\/wp\/v2\/posts\/19906\/revisions\/19908"}],"wp:featuredmedia":[{"embeddable":true,"href":"https:\/\/radiowebmx.com\/nota\/wp-json\/wp\/v2\/media\/19907"}],"wp:attachment":[{"href":"https:\/\/radiowebmx.com\/nota\/wp-json\/wp\/v2\/media?parent=19906"}],"wp:term":[{"taxonomy":"category","embeddable":true,"href":"https:\/\/radiowebmx.com\/nota\/wp-json\/wp\/v2\/categories?post=19906"},{"taxonomy":"post_tag","embeddable":true,"href":"https:\/\/radiowebmx.com\/nota\/wp-json\/wp\/v2\/tags?post=19906"}],"curies":[{"name":"wp","href":"https:\/\/api.w.org\/{rel}","templated":true}]}}