{"id":19881,"date":"2015-11-25T10:26:54","date_gmt":"2015-11-25T16:26:54","guid":{"rendered":"https:\/\/radiowebmx.com\/nota\/?p=19881"},"modified":"2015-11-25T10:26:54","modified_gmt":"2015-11-25T16:26:54","slug":"chava-pena-realiza-una-campana-de-compromisos-con-las-clases-mas-vulnerables-adriana-bustamante","status":"publish","type":"post","link":"https:\/\/radiowebmx.com\/nota\/chava-pena-realiza-una-campana-de-compromisos-con-las-clases-mas-vulnerables-adriana-bustamante\/","title":{"rendered":"CHAVA PE\u00d1A REALIZA UNA CAMPA\u00d1A DE COMPROMISOS CON LAS CLASES M\u00c1S VULNERABLES: ADRIANA BUSTAMANTE."},"content":{"rendered":"<p class=\"ecxMsoNormal\">\u201cDe propuestas y proyectos en favor de las clases m\u00e1s vulnerables de la sociedad es la campa\u00f1a que realiza el candidato del PRI en el distrito XII, con cabecera en Hidalgo, Salvador Pe\u00f1a Ram\u00edrez\u201d afirm\u00f3 Adriana Bustamante Espinoza, Dirigente Estatal del Movimiento Territorial (MT) en Michoac\u00e1n.<\/p>\n<p class=\"ecxMsoNormal\">La tambi\u00e9n, exregidora del municipio de Tarimbaro, destac\u00f3 que el abanderado pri\u00edsta en Hidalgo, es una persona que sabe y conoce de las necesidades que existen en los municipios que conforman este distrito, Hidalgo, Irimbo, Querendaro, Jungapeo y Tuxpan.<\/p>\n<p class=\"ecxMsoNormal\">Adriana Bustamante, se\u00f1al\u00f3 que Chava Pe\u00f1a, tiene la capacidad para legislar en favor de las clases sociales m\u00e1s vulnerables de este distrito, \u201csin lugar a dudas \u00e9l legislar\u00e1 y gestionar\u00e1 recursos para disminuir en un gran porcentaje los \u00edndices de pobreza, de inseguridad y promover\u00e1 la igualdad y la calidad de vida dentro del congreso del estado\u201d.<\/p>\n<p class=\"ecxMsoNormal\">La l\u00edder estatal del MT en Michoac\u00e1n, subray\u00f3 la importancia de que el Revolucionario Institucional tenga una posici\u00f3n m\u00e1s en la c\u00e1mara de diputados, pues dijo que de esta forma se fortalecer\u00eda m\u00e1s la fracci\u00f3n parlamentaria del PRI y con esto m\u00e1s recursos se podr\u00edan gestionar para los municipios michoacanos.<\/p>\n<p class=\"ecxMsoNormal\">\u201cSalvador Pe\u00f1a Ram\u00edrez, es una persona con calidad probada, que legislar\u00e1 siempre comprometido con las causas sociales, Chava Pe\u00f1a, gobern\u00f3 en el municipio de Hidalgo con mucho compromiso, con mucha calidad y siempre ayud\u00f3 a todas las clases sociales\u201d enfatiz\u00f3 Adriana Bustamante.<\/p>\n<p class=\"ecxMsoNormal\">La coordinadora estatal del MT, reafirm\u00f3 el respaldo de todas las organizaciones y sectores pri\u00edstas al abanderado pri\u00edsta, \u201cno participamos por participar nada m\u00e1s, sino porque segura estoy que ganaremos, tenemos un candidato en el que confiamos plenamente por su trabajo y experiencia, sabemos que en Chava Pe\u00f1a tenemos un diputado m\u00e1s del PRI\u201d.<\/p>\n","protected":false},"excerpt":{"rendered":"<p>\u201cDe propuestas y proyectos en favor de las clases m\u00e1s vulnerables de la sociedad es la campa\u00f1a que realiza el candidato del PRI en el distrito XII, con cabecera en Hidalgo, Salvador Pe\u00f1a Ram\u00edrez\u201d afirm\u00f3 Adriana Bustamante Espinoza, Dirigente Estatal del MT en Michoac\u00e1n.<\/p>\n","protected":false},"author":1,"featured_media":0,"comment_status":"open","ping_status":"open","sticky":false,"template":"","format":"standard","meta":{"footnotes":""},"categories":[11,12],"tags":[],"class_list":["post-19881","post","type-post","status-publish","format-standard","hentry","category-partidos-politicos","category-pri"],"_links":{"self":[{"href":"https:\/\/radiowebmx.com\/nota\/wp-json\/wp\/v2\/posts\/19881","targetHints":{"allow":["GET"]}}],"collection":[{"href":"https:\/\/radiowebmx.com\/nota\/wp-json\/wp\/v2\/posts"}],"about":[{"href":"https:\/\/radiowebmx.com\/nota\/wp-json\/wp\/v2\/types\/post"}],"author":[{"embeddable":true,"href":"https:\/\/radiowebmx.com\/nota\/wp-json\/wp\/v2\/users\/1"}],"replies":[{"embeddable":true,"href":"https:\/\/radiowebmx.com\/nota\/wp-json\/wp\/v2\/comments?post=19881"}],"version-history":[{"count":1,"href":"https:\/\/radiowebmx.com\/nota\/wp-json\/wp\/v2\/posts\/19881\/revisions"}],"predecessor-version":[{"id":19882,"href":"https:\/\/radiowebmx.com\/nota\/wp-json\/wp\/v2\/posts\/19881\/revisions\/19882"}],"wp:attachment":[{"href":"https:\/\/radiowebmx.com\/nota\/wp-json\/wp\/v2\/media?parent=19881"}],"wp:term":[{"taxonomy":"category","embeddable":true,"href":"https:\/\/radiowebmx.com\/nota\/wp-json\/wp\/v2\/categories?post=19881"},{"taxonomy":"post_tag","embeddable":true,"href":"https:\/\/radiowebmx.com\/nota\/wp-json\/wp\/v2\/tags?post=19881"}],"curies":[{"name":"wp","href":"https:\/\/api.w.org\/{rel}","templated":true}]}}