{"id":19860,"date":"2015-11-24T14:16:02","date_gmt":"2015-11-24T20:16:02","guid":{"rendered":"https:\/\/radiowebmx.com\/nota\/?p=19860"},"modified":"2015-11-24T14:16:02","modified_gmt":"2015-11-24T20:16:02","slug":"encabeza-silvano-aureoles-conmemoracion-del-dia-de-la-armada-de-mexico-en-lazaro-cardenas","status":"publish","type":"post","link":"https:\/\/radiowebmx.com\/nota\/encabeza-silvano-aureoles-conmemoracion-del-dia-de-la-armada-de-mexico-en-lazaro-cardenas\/","title":{"rendered":"Encabeza Silvano Aureoles conmemoraci\u00f3n del D\u00eda de la Armada de M\u00e9xico en L\u00e1zaro C\u00e1rdenas"},"content":{"rendered":"<p><a href=\"https:\/\/radiowebmx.com\/nota\/wp-content\/uploads\/2015\/11\/5b1f87bb-da18-4546-bf6f-31836d182658.jpg\"><img loading=\"lazy\" decoding=\"async\" class=\"alignleft size-full wp-image-19861\" src=\"https:\/\/radiowebmx.com\/nota\/wp-content\/uploads\/2015\/11\/5b1f87bb-da18-4546-bf6f-31836d182658.jpg\" alt=\"5b1f87bb-da18-4546-bf6f-31836d182658\" width=\"591\" height=\"343\" srcset=\"https:\/\/radiowebmx.com\/nota\/wp-content\/uploads\/2015\/11\/5b1f87bb-da18-4546-bf6f-31836d182658.jpg 591w, https:\/\/radiowebmx.com\/nota\/wp-content\/uploads\/2015\/11\/5b1f87bb-da18-4546-bf6f-31836d182658-300x174.jpg 300w\" sizes=\"auto, (max-width: 591px) 100vw, 591px\" \/><\/a>El Gobernador de Michoac\u00e1n, Silvano Aureoles Conejo encabez\u00f3 este lunes la ceremonia conmemorativa del D\u00eda de la Armada de M\u00e9xico, en la D\u00e9cima Zona Naval de L\u00e1zaro C\u00e1rdenas.<\/p>\n<p>En el puerto de la Costa michoacana, el mandatario estatal fue part\u00edcipe del acto que rememora el 23 de noviembre de 1825 como la fecha en la que se consolid\u00f3 la independencia nacional y que tambi\u00e9n fue presidido por el vicealmirante Luis Mario Ram\u00f3n Bravo, comandante de la D\u00e9cima Zona Naval, as\u00ed como por funcionarios federales, estatales, militares y municipales.<\/p>\n<p>Durante la ceremonia, Aureoles Conejo y el resto de los integrantes del pres\u00eddium, llevaron a cabo la entrega de condecoraciones por perseverancia al personal de Capitanes, Oficiales y Clases que cumplieron 35, 30, 25, 20, 15 y 10 a\u00f1os ininterrumpidos de servicio activo en la Armada Nacional.<\/p>\n<p>Al hacer uso de la palabra, el comandante de la D\u00e9cima Zona Naval, Luis Mario Ram\u00f3n Bravo, reconoci\u00f3 la contribuci\u00f3n de los valientes marinos en el episodio de la vida nacional que representa el 23 de noviembre de 1825, pues surgi\u00f3 una misi\u00f3n clara de la Marina: salvaguardar la soberan\u00eda y defender la integridad del territorio nacional, proteger la vida humana en la mar y coadyuvar en la seguridad interior del pa\u00eds, pero sobre todo, servir a todos los mexicanos.<\/p>\n<p>Despu\u00e9s de que el Gobernador michoacano fue recibido con honores, hizo un recorrido por las instalaciones de la D\u00e9cima Zona Naval de L\u00e1zaro C\u00e1rdenas junto a las autoridades que lo acompa\u00f1aron y conocieron la muestra de equipos t\u00e1cticos y armamento empleado por los elementos de la Marina Armada de M\u00e9xico.<\/p>\n","protected":false},"excerpt":{"rendered":"<p>El Gobernador de Michoac\u00e1n, Silvano Aureoles Conejo encabez\u00f3 este lunes la ceremonia conmemorativa del D\u00eda de la Armada de M\u00e9xico, en la D\u00e9cima Zona Naval de L\u00e1zaro C\u00e1rdenas.<\/p>\n","protected":false},"author":1,"featured_media":19861,"comment_status":"open","ping_status":"open","sticky":false,"template":"","format":"standard","meta":{"footnotes":""},"categories":[14,3],"tags":[],"class_list":["post-19860","post","type-post","status-publish","format-standard","has-post-thumbnail","hentry","category-destacadas","category-gobierno-del-estado-de-michoacan"],"_links":{"self":[{"href":"https:\/\/radiowebmx.com\/nota\/wp-json\/wp\/v2\/posts\/19860","targetHints":{"allow":["GET"]}}],"collection":[{"href":"https:\/\/radiowebmx.com\/nota\/wp-json\/wp\/v2\/posts"}],"about":[{"href":"https:\/\/radiowebmx.com\/nota\/wp-json\/wp\/v2\/types\/post"}],"author":[{"embeddable":true,"href":"https:\/\/radiowebmx.com\/nota\/wp-json\/wp\/v2\/users\/1"}],"replies":[{"embeddable":true,"href":"https:\/\/radiowebmx.com\/nota\/wp-json\/wp\/v2\/comments?post=19860"}],"version-history":[{"count":1,"href":"https:\/\/radiowebmx.com\/nota\/wp-json\/wp\/v2\/posts\/19860\/revisions"}],"predecessor-version":[{"id":19862,"href":"https:\/\/radiowebmx.com\/nota\/wp-json\/wp\/v2\/posts\/19860\/revisions\/19862"}],"wp:featuredmedia":[{"embeddable":true,"href":"https:\/\/radiowebmx.com\/nota\/wp-json\/wp\/v2\/media\/19861"}],"wp:attachment":[{"href":"https:\/\/radiowebmx.com\/nota\/wp-json\/wp\/v2\/media?parent=19860"}],"wp:term":[{"taxonomy":"category","embeddable":true,"href":"https:\/\/radiowebmx.com\/nota\/wp-json\/wp\/v2\/categories?post=19860"},{"taxonomy":"post_tag","embeddable":true,"href":"https:\/\/radiowebmx.com\/nota\/wp-json\/wp\/v2\/tags?post=19860"}],"curies":[{"name":"wp","href":"https:\/\/api.w.org\/{rel}","templated":true}]}}