{"id":19854,"date":"2015-11-24T14:06:17","date_gmt":"2015-11-24T20:06:17","guid":{"rendered":"https:\/\/radiowebmx.com\/nota\/?p=19854"},"modified":"2015-11-24T14:06:17","modified_gmt":"2015-11-24T20:06:17","slug":"inicio-de-las-jornadas-optometricas-del-dif-michoacan","status":"publish","type":"post","link":"https:\/\/radiowebmx.com\/nota\/inicio-de-las-jornadas-optometricas-del-dif-michoacan\/","title":{"rendered":"Inicio de las Jornadas Optom\u00e9tricas del DIF Michoac\u00e1n"},"content":{"rendered":"<p><a href=\"https:\/\/radiowebmx.com\/nota\/wp-content\/uploads\/2015\/11\/82808e69-7338-4244-95e4-29d9709219f0.jpg\"><img loading=\"lazy\" decoding=\"async\" class=\"alignleft size-full wp-image-19855\" src=\"https:\/\/radiowebmx.com\/nota\/wp-content\/uploads\/2015\/11\/82808e69-7338-4244-95e4-29d9709219f0.jpg\" alt=\"82808e69-7338-4244-95e4-29d9709219f0\" width=\"591\" height=\"339\" srcset=\"https:\/\/radiowebmx.com\/nota\/wp-content\/uploads\/2015\/11\/82808e69-7338-4244-95e4-29d9709219f0.jpg 591w, https:\/\/radiowebmx.com\/nota\/wp-content\/uploads\/2015\/11\/82808e69-7338-4244-95e4-29d9709219f0-300x172.jpg 300w, https:\/\/radiowebmx.com\/nota\/wp-content\/uploads\/2015\/11\/82808e69-7338-4244-95e4-29d9709219f0-128x72.jpg 128w\" sizes=\"auto, (max-width: 591px) 100vw, 591px\" \/><\/a>El arranque de estas jornadas me parece fundamental para atender sobre todo al sector de nuestras y nuestros adultos mayores, que la situaci\u00f3n no siempre es la m\u00e1s adecuada por las distancias, la falta de recursos, por una serie de razones, a veces nuestra poblaci\u00f3n, nuestras hermanas y hermanos en condici\u00f3n de adultos mayores como le llaman, empieza a padecer de muchas cosas y una de ellas es la vista; me da mucho gusto que hoy podamos arrancar estas tareas, todo esto es para las mujeres y hombres que tienen m\u00e1s de 60 a\u00f1os, aunque para ser honestos a veces ya desde antes se necesitan lentes.<\/p>\n<p>Yo cuando descubr\u00ed que ya no pod\u00eda leer, s\u00ed se le mueve uno el tapete porque dice \u201c\u00bfqu\u00e9 pas\u00f3?\u201d, se siente uno con fortaleza, con fuerza f\u00edsica y de repente no ves, recuerdo exactamente el d\u00eda que ya no pod\u00eda ver, quer\u00eda pedir algo de comer y vi borrosa la carta, cre\u00eda yo que estaba borrosa la carta y le dije al que atiende \u201coiga tr\u00e1igame una carta que s\u00ed se vea porque esta no se ve\u201d y me dijo un vecino, est\u00e1bamos en una reuni\u00f3n de secretarios, estaba yo de secretario de Desarrollo Agropecuario y me dijo \u201cno, ya cumpliste los 40 hermano, ya se complic\u00f3 la fiesta, es la vista cansada, la presbicia que\u00a0 empieza m\u00e1s-menos los 38, 40 a\u00f1os, empieza a cambiar la cosa y se empieza a dificultar la capacidad visual, aunque est\u00e9s bien de otras cosas, para que veas que es cierto \u2013dijo y sac\u00f3 sus lentes- ahora no los dejo, y vas a ver que no est\u00e1 borrosa la carta, es que ya requieres unos lentes\u201d, pero es terrible porque cambia totalmente la din\u00e1mica de la vida.<\/p>\n<p>Pero bueno, dec\u00eda yo hace un momento con el avance de la ciencia pues la cosa se puede atender y qu\u00e9 bueno que se puede hacer.<\/p>\n<p>Aqu\u00ed tenemos un grupo muy importante en Michoac\u00e1n de adultos mayores de 60 a\u00f1os, rebasa o se acerca al 30 por ciento de la poblaci\u00f3n, estamos bastante equilibrados en t\u00e9rminos poblacionales, pero es casi el 30 por ciento de la poblaci\u00f3n que ya tiene m\u00e1s de 60 a\u00f1os; entonces un programa como este pues le ayuda a resolver esta carencia, esto lo vamos haciendo junto con los municipios para que tambi\u00e9n los compa\u00f1eros presidentes municipales o presidentas tengan la posibilidad de atender esta demanda de la poblaci\u00f3n, que es fundamental para el desarrollo cotidiano de nuestras actividades.<\/p>\n<p>Hoy se va a entregar los paquetes m\u00e1s o menos para 17 municipios, y estaremos entregando en los siguientes d\u00edas a muchos m\u00e1s.<\/p>\n<p>Le dec\u00eda yo a Roc\u00edo ayer que revis\u00e9 yo el tema, que ya la cosa est\u00e1 muy adelantada como para que ya no nos tardemos tanto en la entrega, es decir, en lo sucesivo, este ya est\u00e1 en marcha, hay\u00a0 que culminarlo, ya se pag\u00f3; pero en lo sucesivo junto con los municipios con los presidentes municipales, presidentas del DIF, lo que vamos a hacer es mandar los equipos m\u00e9dicos all\u00e1, que se instalen ah\u00ed, entonces t\u00fa vas con los expertos, los optometristas y ah\u00ed te miden y en cosa de minutos te entregan tus lentes, entonces para que no esperemos 45 d\u00edas, eso ya est\u00e1 pasado de moda.<\/p>\n<p>Entonces el a\u00f1o que entra todo lo vamos a hacer as\u00ed, con equipos de doctoras, doctores de la vista, van a los municipios, ah\u00ed se hace la convocatoria, ponemos los m\u00f3dulos y ya tienen ustedes sus anteojos, y no tardarnos tanto para la entrega.<\/p>\n<p>Solamente agregar\u00eda que me da mucho gusto poder verlas y verlos y que el a\u00f1o que entra vamos a iniciar una serie de programas de car\u00e1cter social para apoyar a las adultas y adultos mayores.<\/p>\n","protected":false},"excerpt":{"rendered":"<p>El arranque de estas jornadas me parece fundamental para atender sobre todo al sector de nuestras y nuestros adultos mayores, que la situaci\u00f3n no siempre es la m\u00e1s adecuada por las distancias, la falta de recursos, por una serie de razones, a veces nuestra poblaci\u00f3n, nuestras hermanas y hermanos en condici\u00f3n de adultos mayores como le llaman,<\/p>\n","protected":false},"author":1,"featured_media":19855,"comment_status":"open","ping_status":"open","sticky":false,"template":"","format":"standard","meta":{"footnotes":""},"categories":[14,3],"tags":[],"class_list":["post-19854","post","type-post","status-publish","format-standard","has-post-thumbnail","hentry","category-destacadas","category-gobierno-del-estado-de-michoacan"],"_links":{"self":[{"href":"https:\/\/radiowebmx.com\/nota\/wp-json\/wp\/v2\/posts\/19854","targetHints":{"allow":["GET"]}}],"collection":[{"href":"https:\/\/radiowebmx.com\/nota\/wp-json\/wp\/v2\/posts"}],"about":[{"href":"https:\/\/radiowebmx.com\/nota\/wp-json\/wp\/v2\/types\/post"}],"author":[{"embeddable":true,"href":"https:\/\/radiowebmx.com\/nota\/wp-json\/wp\/v2\/users\/1"}],"replies":[{"embeddable":true,"href":"https:\/\/radiowebmx.com\/nota\/wp-json\/wp\/v2\/comments?post=19854"}],"version-history":[{"count":1,"href":"https:\/\/radiowebmx.com\/nota\/wp-json\/wp\/v2\/posts\/19854\/revisions"}],"predecessor-version":[{"id":19856,"href":"https:\/\/radiowebmx.com\/nota\/wp-json\/wp\/v2\/posts\/19854\/revisions\/19856"}],"wp:featuredmedia":[{"embeddable":true,"href":"https:\/\/radiowebmx.com\/nota\/wp-json\/wp\/v2\/media\/19855"}],"wp:attachment":[{"href":"https:\/\/radiowebmx.com\/nota\/wp-json\/wp\/v2\/media?parent=19854"}],"wp:term":[{"taxonomy":"category","embeddable":true,"href":"https:\/\/radiowebmx.com\/nota\/wp-json\/wp\/v2\/categories?post=19854"},{"taxonomy":"post_tag","embeddable":true,"href":"https:\/\/radiowebmx.com\/nota\/wp-json\/wp\/v2\/tags?post=19854"}],"curies":[{"name":"wp","href":"https:\/\/api.w.org\/{rel}","templated":true}]}}