{"id":19851,"date":"2015-11-24T14:00:26","date_gmt":"2015-11-24T20:00:26","guid":{"rendered":"https:\/\/radiowebmx.com\/nota\/?p=19851"},"modified":"2015-11-24T14:00:26","modified_gmt":"2015-11-24T20:00:26","slug":"impulsaremos-mas-beneficios-para-las-y-los-adultos-mayores-silvano-aureoles","status":"publish","type":"post","link":"https:\/\/radiowebmx.com\/nota\/impulsaremos-mas-beneficios-para-las-y-los-adultos-mayores-silvano-aureoles\/","title":{"rendered":"Impulsaremos m\u00e1s beneficios para las y los adultos mayores: Silvano Aureoles"},"content":{"rendered":"<p><a href=\"https:\/\/radiowebmx.com\/nota\/wp-content\/uploads\/2015\/11\/dc1ada22-2427-4e64-aaad-8a48c867913d.jpg\"><img loading=\"lazy\" decoding=\"async\" class=\"alignleft size-full wp-image-19852\" src=\"https:\/\/radiowebmx.com\/nota\/wp-content\/uploads\/2015\/11\/dc1ada22-2427-4e64-aaad-8a48c867913d.jpg\" alt=\"dc1ada22-2427-4e64-aaad-8a48c867913d\" width=\"591\" height=\"331\" srcset=\"https:\/\/radiowebmx.com\/nota\/wp-content\/uploads\/2015\/11\/dc1ada22-2427-4e64-aaad-8a48c867913d.jpg 591w, https:\/\/radiowebmx.com\/nota\/wp-content\/uploads\/2015\/11\/dc1ada22-2427-4e64-aaad-8a48c867913d-300x168.jpg 300w, https:\/\/radiowebmx.com\/nota\/wp-content\/uploads\/2015\/11\/dc1ada22-2427-4e64-aaad-8a48c867913d-284x158.jpg 284w, https:\/\/radiowebmx.com\/nota\/wp-content\/uploads\/2015\/11\/dc1ada22-2427-4e64-aaad-8a48c867913d-128x72.jpg 128w\" sizes=\"auto, (max-width: 591px) 100vw, 591px\" \/><\/a>El Gobernador del Estado, Silvano Aureoles Conejo, anunci\u00f3 que a partir del 2016 se pondr\u00e1n en marcha nuevos programas y se fortalecer\u00e1n las acciones dirigidas a mejorar la calidad de vida de las y los adultos mayores, ello en el marco del arranque de las Jornadas Optom\u00e9tricas 2015 del Sistema para el Desarrollo Integral de la Familia (DIF) Michoac\u00e1n, que tiene como meta favorecer a 4 mil 100 michoacanos y michoacanas.<\/p>\n<p>El mandatario estatal precis\u00f3 que en la entidad, cerca del 30 por ciento de la poblaci\u00f3n son personas mayores de 60 a\u00f1os, por lo que subray\u00f3 la necesidad de generar condiciones para apoyar a dicho sector de la sociedad; en ese sentido, indic\u00f3 que se iniciar\u00e1n una serie de programas de car\u00e1cter social enfocados a las personas de la tercera edad, entre ellos, uno de apoyo alimentario que se complementar\u00e1 con la entrega de recursos econ\u00f3micos.<\/p>\n<p>De igual forma, afirm\u00f3 que se tiene el proyecto de construir Estancias del Adulto Mayor en los municipios que no cuenten con una; anunci\u00f3 tambi\u00e9n que se generar\u00e1n las condiciones para que las y los abuelitos se puedan integrar a diversas actividades productivas; adem\u00e1s de contar con el programa \u201cM\u00e9dico en tu casa\u201d para que las y los michoacanos que por su edad o por su situaci\u00f3n econ\u00f3mica no puedan acudir al doctor, reciban atenci\u00f3n m\u00e9dica.<\/p>\n<p>\u201cLos que estamos en condiciones de tomar las decisiones hay que pensar en los dem\u00e1s de manera solidaria, de manera responsable, al final del d\u00eda lo m\u00e1s importante somos los seres humanos, todo lo dem\u00e1s, todo lo que se haga y todo lo que suceda, debe estar encaminado a que el ser humano alcance su bienestar, logre su felicidad. Vamos a trabajar para que nuestros adultos mayores al final del d\u00eda puedan tener condiciones de cerrar el ciclo dignamente\u201d, sostuvo.<\/p>\n<p>Aureoles Conejo indic\u00f3 que ha instruido a las y los integrantes del Gabinete Social para que trabajen de manera transversal, en equipo y con creatividad, para lograr m\u00e1s beneficios para los sectores vulnerables.<\/p>\n","protected":false},"excerpt":{"rendered":"<p>El Gobernador del Estado, Silvano Aureoles Conejo, anunci\u00f3 que a partir del 2016 se pondr\u00e1n en marcha nuevos programas y se fortalecer\u00e1n las acciones dirigidas a mejorar la calidad de vida de las y los adultos mayores, ello en el marco del arranque de las Jornadas Optom\u00e9tricas 2015 del DIF Michoac\u00e1n, <\/p>\n","protected":false},"author":1,"featured_media":19852,"comment_status":"open","ping_status":"open","sticky":false,"template":"","format":"standard","meta":{"footnotes":""},"categories":[14,3],"tags":[],"class_list":["post-19851","post","type-post","status-publish","format-standard","has-post-thumbnail","hentry","category-destacadas","category-gobierno-del-estado-de-michoacan"],"_links":{"self":[{"href":"https:\/\/radiowebmx.com\/nota\/wp-json\/wp\/v2\/posts\/19851","targetHints":{"allow":["GET"]}}],"collection":[{"href":"https:\/\/radiowebmx.com\/nota\/wp-json\/wp\/v2\/posts"}],"about":[{"href":"https:\/\/radiowebmx.com\/nota\/wp-json\/wp\/v2\/types\/post"}],"author":[{"embeddable":true,"href":"https:\/\/radiowebmx.com\/nota\/wp-json\/wp\/v2\/users\/1"}],"replies":[{"embeddable":true,"href":"https:\/\/radiowebmx.com\/nota\/wp-json\/wp\/v2\/comments?post=19851"}],"version-history":[{"count":1,"href":"https:\/\/radiowebmx.com\/nota\/wp-json\/wp\/v2\/posts\/19851\/revisions"}],"predecessor-version":[{"id":19853,"href":"https:\/\/radiowebmx.com\/nota\/wp-json\/wp\/v2\/posts\/19851\/revisions\/19853"}],"wp:featuredmedia":[{"embeddable":true,"href":"https:\/\/radiowebmx.com\/nota\/wp-json\/wp\/v2\/media\/19852"}],"wp:attachment":[{"href":"https:\/\/radiowebmx.com\/nota\/wp-json\/wp\/v2\/media?parent=19851"}],"wp:term":[{"taxonomy":"category","embeddable":true,"href":"https:\/\/radiowebmx.com\/nota\/wp-json\/wp\/v2\/categories?post=19851"},{"taxonomy":"post_tag","embeddable":true,"href":"https:\/\/radiowebmx.com\/nota\/wp-json\/wp\/v2\/tags?post=19851"}],"curies":[{"name":"wp","href":"https:\/\/api.w.org\/{rel}","templated":true}]}}