{"id":19846,"date":"2015-11-24T13:55:56","date_gmt":"2015-11-24T19:55:56","guid":{"rendered":"https:\/\/radiowebmx.com\/nota\/?p=19846"},"modified":"2015-11-24T13:55:56","modified_gmt":"2015-11-24T19:55:56","slug":"secretaria-de-fomento-economico-pone-en-marcha-programa-de-formacion-empresarial","status":"publish","type":"post","link":"https:\/\/radiowebmx.com\/nota\/secretaria-de-fomento-economico-pone-en-marcha-programa-de-formacion-empresarial\/","title":{"rendered":"Secretar\u00eda de Fomento Econ\u00f3mico pone en marcha programa de formaci\u00f3n empresarial"},"content":{"rendered":"<p><a href=\"https:\/\/radiowebmx.com\/nota\/wp-content\/uploads\/2015\/11\/e.jpg\"><img loading=\"lazy\" decoding=\"async\" class=\"alignleft size-full wp-image-19849\" src=\"https:\/\/radiowebmx.com\/nota\/wp-content\/uploads\/2015\/11\/e.jpg\" alt=\"e\" width=\"591\" height=\"363\" srcset=\"https:\/\/radiowebmx.com\/nota\/wp-content\/uploads\/2015\/11\/e.jpg 591w, https:\/\/radiowebmx.com\/nota\/wp-content\/uploads\/2015\/11\/e-300x184.jpg 300w\" sizes=\"auto, (max-width: 591px) 100vw, 591px\" \/><\/a>La Secretar\u00eda de Fomento Econ\u00f3mico y Nacional Financiera (NAFIN) arrancaron los talleres de capacitaci\u00f3n del Programa de Formaci\u00f3n Empresarial 2015, que se llevar\u00e1 acabo del 23 al 28 de noviembre en el Poliforum Digital y el Centro de Convenciones.<\/p>\n<p>Con una expectativa de atenci\u00f3n cercana a 500 empresarios y emprendedores morelianos atendidos mediante una oficina m\u00f3vil, la secretaria de Fomento Econ\u00f3mico, Ireri Rivera Garc\u00eda, indic\u00f3 que la intenci\u00f3n es sumar esfuerzos para dotar a quienes tienen un negocio, de herramientas necesarias para fortalecerlo, hacerlo crecer o lograr su permanencia con productos, servicios y atenci\u00f3n de calidad.<\/p>\n<p>Esta unidad acercar\u00e1 a emprendedores y empresarios de Morelia, conocimientos importantes para hacer un negocio o proyecto productivo exitoso a trav\u00e9s de los 13 pasos para hacer un plan de negocios, conocer todo lo relacionado al bur\u00f3 de cr\u00e9dito, el r\u00e9gimen de incorporaci\u00f3n fiscal y las ventas para peque\u00f1os negocios.<\/p>\n<p>Rivera Garc\u00eda, resalt\u00f3 que\u00a0 las mujeres, una vez m\u00e1s, tendr\u00e1n atenci\u00f3n especial al participar en el taller \u201cMujeres Emprendedoras, mujeres empresarias\u201d refrendando con ello, el compromiso del gobierno municipal al frente de Alfonso Mart\u00ednez Alc\u00e1zar\u00a0 y de Nacional Financiera de apoyar a este sector que ha demostrado compromiso, trabajo y responsabilidad en toda su capacidad.<\/p>\n<p>La oficina m\u00f3vil de Nacional Financiera, estar\u00e1 trabajando en la ciudad de Morelia desde este lunes hasta el mi\u00e9rcoles en el Poliforum Digital Morelia y el viernes y s\u00e1bado en los jardines del Centro de Convenciones.<\/p>\n<p>La titular de la pol\u00edtica econ\u00f3mica local, se\u00f1al\u00f3 que para el pr\u00f3ximo a\u00f1o ya se trabaja con Nacional Financiera para aterrizar un proyecto de capacitaci\u00f3n que contempla en un inicio con 20 cursos dirigido a empresarios y emprendedores con temas de gran relevancia.<\/p>\n<p>A la inauguraci\u00f3n del Programa de Formaci\u00f3n Empresarial 2015, asistieron el director de Nacional Financiera en Michoac\u00e1n Mario Espino Arenas, quien puntualiz\u00f3 el inter\u00e9s que tiene esta instituci\u00f3n de seguir trabajando con el Ayuntamiento de Morelia, para fortalecer el sector empresarial local no s\u00f3lo con financiamiento sino con cursos y talleres de capacitaci\u00f3n.<\/p>\n<p>Mientras tanto el director del Poliforum Digital Morelia, Alejandro Amante Urbina, reiter\u00f3 el inter\u00e9s que esta instituci\u00f3n tienen para cobijar todas las ideas y proyectos del Ayuntamiento e iniciativa privada as\u00ed como ciudadan\u00eda para lograr fortalecer la econom\u00eda local, ofreciendo adem\u00e1s de estas instalaciones, el equipo humano y tecnol\u00f3gico con el que cuenta.<\/p>\n<p>Respaldaron esta acci\u00f3n, el regidor Jorge Tinoco Ortiz, Julio Armando Saavedra en representaci\u00f3n de la CANACINTRA, Alexis Sereno Couto representante de S\u00ed Financia Michoac\u00e1n, as\u00ed como la Secretar\u00eda de Econom\u00eda en esta ocasi\u00f3n a trav\u00e9s de Karina Rosales.<\/p>\n","protected":false},"excerpt":{"rendered":"<p>La Secretar\u00eda de Fomento Econ\u00f3mico y NAFIN arrancaron los talleres de capacitaci\u00f3n del Programa de Formaci\u00f3n Empresarial 2015, que se llevar\u00e1 acabo del 23 al 28 de noviembre en el Poliforum Digital y el Centro de Convenciones.<\/p>\n","protected":false},"author":1,"featured_media":19849,"comment_status":"open","ping_status":"open","sticky":false,"template":"","format":"standard","meta":{"footnotes":""},"categories":[14,9],"tags":[],"class_list":["post-19846","post","type-post","status-publish","format-standard","has-post-thumbnail","hentry","category-destacadas","category-morelia"],"_links":{"self":[{"href":"https:\/\/radiowebmx.com\/nota\/wp-json\/wp\/v2\/posts\/19846","targetHints":{"allow":["GET"]}}],"collection":[{"href":"https:\/\/radiowebmx.com\/nota\/wp-json\/wp\/v2\/posts"}],"about":[{"href":"https:\/\/radiowebmx.com\/nota\/wp-json\/wp\/v2\/types\/post"}],"author":[{"embeddable":true,"href":"https:\/\/radiowebmx.com\/nota\/wp-json\/wp\/v2\/users\/1"}],"replies":[{"embeddable":true,"href":"https:\/\/radiowebmx.com\/nota\/wp-json\/wp\/v2\/comments?post=19846"}],"version-history":[{"count":1,"href":"https:\/\/radiowebmx.com\/nota\/wp-json\/wp\/v2\/posts\/19846\/revisions"}],"predecessor-version":[{"id":19850,"href":"https:\/\/radiowebmx.com\/nota\/wp-json\/wp\/v2\/posts\/19846\/revisions\/19850"}],"wp:featuredmedia":[{"embeddable":true,"href":"https:\/\/radiowebmx.com\/nota\/wp-json\/wp\/v2\/media\/19849"}],"wp:attachment":[{"href":"https:\/\/radiowebmx.com\/nota\/wp-json\/wp\/v2\/media?parent=19846"}],"wp:term":[{"taxonomy":"category","embeddable":true,"href":"https:\/\/radiowebmx.com\/nota\/wp-json\/wp\/v2\/categories?post=19846"},{"taxonomy":"post_tag","embeddable":true,"href":"https:\/\/radiowebmx.com\/nota\/wp-json\/wp\/v2\/tags?post=19846"}],"curies":[{"name":"wp","href":"https:\/\/api.w.org\/{rel}","templated":true}]}}