{"id":19840,"date":"2015-11-23T15:24:45","date_gmt":"2015-11-23T21:24:45","guid":{"rendered":"https:\/\/radiowebmx.com\/nota\/?p=19840"},"modified":"2015-11-23T15:25:35","modified_gmt":"2015-11-23T21:25:35","slug":"se-integra-elvira-santiago-a-la-direccion-de-salud-municipal","status":"publish","type":"post","link":"https:\/\/radiowebmx.com\/nota\/se-integra-elvira-santiago-a-la-direccion-de-salud-municipal\/","title":{"rendered":"Se integra Elvira Santiago a la Direcci\u00f3n de Salud municipal"},"content":{"rendered":"<p><a href=\"https:\/\/radiowebmx.com\/nota\/wp-content\/uploads\/2015\/11\/e301e869-7190-4fd0-8728-4ac73b88c18e.jpg\"><img loading=\"lazy\" decoding=\"async\" class=\"alignleft size-full wp-image-19841\" src=\"https:\/\/radiowebmx.com\/nota\/wp-content\/uploads\/2015\/11\/e301e869-7190-4fd0-8728-4ac73b88c18e.jpg\" alt=\"e301e869-7190-4fd0-8728-4ac73b88c18e\" width=\"591\" height=\"398\" srcset=\"https:\/\/radiowebmx.com\/nota\/wp-content\/uploads\/2015\/11\/e301e869-7190-4fd0-8728-4ac73b88c18e.jpg 591w, https:\/\/radiowebmx.com\/nota\/wp-content\/uploads\/2015\/11\/e301e869-7190-4fd0-8728-4ac73b88c18e-300x202.jpg 300w\" sizes=\"auto, (max-width: 591px) 100vw, 591px\" \/><\/a>Con la finalidad de fortalecer el \u00e1rea de salud de la Direcci\u00f3n de Desarrollo Social, Elvira Santiago Monreal se integrar\u00e1 a esta dependencia municipal, en donde pondr\u00e1 en pr\u00e1ctica su vasta experiencia profesional y perfil acad\u00e9mico.<\/p>\n<p>Elvira Santiago, fue nombrada directora de Salud y desempe\u00f1ar\u00e1 un papel fundamental en la implementaci\u00f3n de programas y acciones tendientes a garantizar el bienestar de los morelianos, a partir de un mejor servicio y el fortalecimiento de los departamentos m\u00e9dicos.<\/p>\n<p>Entre su trayectoria, ha sido subdirectora administrativa del Hospital General de Morelia Dr. Miguel Silva, jefa de recursos humanos del Hospital General de Uruapan Dr. Pedro Daniel Mart\u00ednez, jefa de vinculaci\u00f3n m\u00e9dica de Star M\u00e9dica, directora administrativa del Hospital de Especialidades el \u00c1ngel, de Uruapan, entre otras.<\/p>\n<p>Los logros alcanzados a lo largo de su experiencia laboral, se traducen en mejor equipamiento para los departamentos de salud y el uso eficiente de recursos financieros y humanos.<\/p>\n<p>De manera temporal, su lugar al frente de la Direcci\u00f3n del\u00a0DIF\u00a0Municipal ser\u00e1 ocupado por Karla Isamar Hern\u00e1ndez L\u00f3pez, en tanto el Ayuntamiento define al pr\u00f3ximo perfil.<\/p>\n","protected":false},"excerpt":{"rendered":"<p>Con la finalidad de fortalecer el \u00e1rea de salud de la Direcci\u00f3n de Desarrollo Social, Elvira Santiago Monreal se integrar\u00e1 a esta dependencia municipal, en donde pondr\u00e1 en pr\u00e1ctica su vasta experiencia profesional y perfil acad\u00e9mico.<\/p>\n","protected":false},"author":1,"featured_media":19841,"comment_status":"open","ping_status":"open","sticky":false,"template":"","format":"standard","meta":{"footnotes":""},"categories":[14,9],"tags":[],"class_list":["post-19840","post","type-post","status-publish","format-standard","has-post-thumbnail","hentry","category-destacadas","category-morelia"],"_links":{"self":[{"href":"https:\/\/radiowebmx.com\/nota\/wp-json\/wp\/v2\/posts\/19840","targetHints":{"allow":["GET"]}}],"collection":[{"href":"https:\/\/radiowebmx.com\/nota\/wp-json\/wp\/v2\/posts"}],"about":[{"href":"https:\/\/radiowebmx.com\/nota\/wp-json\/wp\/v2\/types\/post"}],"author":[{"embeddable":true,"href":"https:\/\/radiowebmx.com\/nota\/wp-json\/wp\/v2\/users\/1"}],"replies":[{"embeddable":true,"href":"https:\/\/radiowebmx.com\/nota\/wp-json\/wp\/v2\/comments?post=19840"}],"version-history":[{"count":2,"href":"https:\/\/radiowebmx.com\/nota\/wp-json\/wp\/v2\/posts\/19840\/revisions"}],"predecessor-version":[{"id":19844,"href":"https:\/\/radiowebmx.com\/nota\/wp-json\/wp\/v2\/posts\/19840\/revisions\/19844"}],"wp:featuredmedia":[{"embeddable":true,"href":"https:\/\/radiowebmx.com\/nota\/wp-json\/wp\/v2\/media\/19841"}],"wp:attachment":[{"href":"https:\/\/radiowebmx.com\/nota\/wp-json\/wp\/v2\/media?parent=19840"}],"wp:term":[{"taxonomy":"category","embeddable":true,"href":"https:\/\/radiowebmx.com\/nota\/wp-json\/wp\/v2\/categories?post=19840"},{"taxonomy":"post_tag","embeddable":true,"href":"https:\/\/radiowebmx.com\/nota\/wp-json\/wp\/v2\/tags?post=19840"}],"curies":[{"name":"wp","href":"https:\/\/api.w.org\/{rel}","templated":true}]}}