{"id":19829,"date":"2015-11-23T14:58:04","date_gmt":"2015-11-23T20:58:04","guid":{"rendered":"https:\/\/radiowebmx.com\/nota\/?p=19829"},"modified":"2015-11-23T15:18:09","modified_gmt":"2015-11-23T21:18:09","slug":"recogen-oaxaca-chiapas-y-guerrero-experiencia-de-exito-de-evaluacion-docente-en-el-estado-de-michoacan","status":"publish","type":"post","link":"https:\/\/radiowebmx.com\/nota\/recogen-oaxaca-chiapas-y-guerrero-experiencia-de-exito-de-evaluacion-docente-en-el-estado-de-michoacan\/","title":{"rendered":"Recogen Oaxaca, Chiapas y Guerrero, experiencia de \u00e9xito de Evaluaci\u00f3n Docente en el Estado de Michoac\u00e1n"},"content":{"rendered":"<p><a href=\"https:\/\/radiowebmx.com\/nota\/wp-content\/uploads\/2015\/11\/a4f43f64-ce1b-4dfa-baae-ae1f49be6c35.jpg\"><img loading=\"lazy\" decoding=\"async\" class=\"alignleft size-full wp-image-19830\" src=\"https:\/\/radiowebmx.com\/nota\/wp-content\/uploads\/2015\/11\/a4f43f64-ce1b-4dfa-baae-ae1f49be6c35.jpg\" alt=\"a4f43f64-ce1b-4dfa-baae-ae1f49be6c35\" width=\"591\" height=\"288\" srcset=\"https:\/\/radiowebmx.com\/nota\/wp-content\/uploads\/2015\/11\/a4f43f64-ce1b-4dfa-baae-ae1f49be6c35.jpg 591w, https:\/\/radiowebmx.com\/nota\/wp-content\/uploads\/2015\/11\/a4f43f64-ce1b-4dfa-baae-ae1f49be6c35-300x146.jpg 300w\" sizes=\"auto, (max-width: 591px) 100vw, 591px\" \/><\/a>Durante la jornada de Evaluaci\u00f3n de Desempe\u00f1o Docente que emprendi\u00f3 el Gobierno de Michoac\u00e1n, el Gobernador del Estado, Silvano Aureoles Conejo, recibi\u00f3 la visita de Mois\u00e9s Robles Cruz, director del Instituto Estatal de Educaci\u00f3n P\u00fablica del Estado de Oaxaca (IEEPO), as\u00ed como de Margarita Nava Mu\u00f1oz, coordinadora del Servicio Profesional Docente en el Estado de Guerrero y de observadores del Estado de Chiapas, quienes recogieron la experiencia de \u00e9xito que en este proceso realiz\u00f3 Michoac\u00e1n.<\/p>\n<p>Los observadores y representantes del sector educativo de citadas entidades, quienes posteriormente fueron recibidos en la sede\u00a0 donde se aplic\u00f3 el examen de evaluaci\u00f3n, por la secretaria de Educaci\u00f3n en el Estado, Silvia Figueroa Zamudio y la Coordinadora General de Comunicaci\u00f3n Social, Julieta L\u00f3pez Bautista; presenciaron la jornada de aplicaci\u00f3n en la entidad y pudieron intercambiar impresiones en torno a los mecanismos que implement\u00f3 el Gobierno estatal, misma que se desarroll\u00f3 sin contratiempos.<\/p>\n<p>En su oportunidad, la titular de la Secretar\u00eda de Educaci\u00f3n, destac\u00f3 el trabajo coordinado de las autoridades federales y estatales para llevar en tiempo y forma la Evaluaci\u00f3n.<\/p>\n<p>Por su parte el director del IEEPO, reconoci\u00f3 el trabajo del Gobierno de Michoac\u00e1n para que la Evaluaci\u00f3n de Desempe\u00f1o se presentara sin incidencias adem\u00e1s de dar seguridad a los docentes michoacanos para sumarse a la aplicaci\u00f3n.<\/p>\n","protected":false},"excerpt":{"rendered":"<p>Durante la jornada de Evaluaci\u00f3n de Desempe\u00f1o Docente que emprendi\u00f3 el Gobierno de Michoac\u00e1n, el Gobernador del Estado, Silvano Aureoles Conejo, <\/p>\n","protected":false},"author":1,"featured_media":19830,"comment_status":"open","ping_status":"open","sticky":false,"template":"","format":"standard","meta":{"footnotes":""},"categories":[14,3],"tags":[],"class_list":["post-19829","post","type-post","status-publish","format-standard","has-post-thumbnail","hentry","category-destacadas","category-gobierno-del-estado-de-michoacan"],"_links":{"self":[{"href":"https:\/\/radiowebmx.com\/nota\/wp-json\/wp\/v2\/posts\/19829","targetHints":{"allow":["GET"]}}],"collection":[{"href":"https:\/\/radiowebmx.com\/nota\/wp-json\/wp\/v2\/posts"}],"about":[{"href":"https:\/\/radiowebmx.com\/nota\/wp-json\/wp\/v2\/types\/post"}],"author":[{"embeddable":true,"href":"https:\/\/radiowebmx.com\/nota\/wp-json\/wp\/v2\/users\/1"}],"replies":[{"embeddable":true,"href":"https:\/\/radiowebmx.com\/nota\/wp-json\/wp\/v2\/comments?post=19829"}],"version-history":[{"count":2,"href":"https:\/\/radiowebmx.com\/nota\/wp-json\/wp\/v2\/posts\/19829\/revisions"}],"predecessor-version":[{"id":19833,"href":"https:\/\/radiowebmx.com\/nota\/wp-json\/wp\/v2\/posts\/19829\/revisions\/19833"}],"wp:featuredmedia":[{"embeddable":true,"href":"https:\/\/radiowebmx.com\/nota\/wp-json\/wp\/v2\/media\/19830"}],"wp:attachment":[{"href":"https:\/\/radiowebmx.com\/nota\/wp-json\/wp\/v2\/media?parent=19829"}],"wp:term":[{"taxonomy":"category","embeddable":true,"href":"https:\/\/radiowebmx.com\/nota\/wp-json\/wp\/v2\/categories?post=19829"},{"taxonomy":"post_tag","embeddable":true,"href":"https:\/\/radiowebmx.com\/nota\/wp-json\/wp\/v2\/tags?post=19829"}],"curies":[{"name":"wp","href":"https:\/\/api.w.org\/{rel}","templated":true}]}}