{"id":19826,"date":"2015-11-23T13:23:31","date_gmt":"2015-11-23T19:23:31","guid":{"rendered":"https:\/\/radiowebmx.com\/nota\/?p=19826"},"modified":"2015-11-23T13:23:31","modified_gmt":"2015-11-23T19:23:31","slug":"presidente-municipal-alfonso-martinez-en-busqueda-de-estrechar-alianzas-con-empresarios-de-nuevo-leon","status":"publish","type":"post","link":"https:\/\/radiowebmx.com\/nota\/presidente-municipal-alfonso-martinez-en-busqueda-de-estrechar-alianzas-con-empresarios-de-nuevo-leon\/","title":{"rendered":"Presidente Municipal Alfonso Mart\u00ednez en b\u00fasqueda de estrechar alianzas con empresarios de Nuevo Le\u00f3n"},"content":{"rendered":"<p><a href=\"https:\/\/radiowebmx.com\/nota\/wp-content\/uploads\/2015\/11\/aaedfb01-01a5-407f-b68f-2950e5177501.jpg\"><img loading=\"lazy\" decoding=\"async\" class=\"alignleft size-full wp-image-19827\" src=\"https:\/\/radiowebmx.com\/nota\/wp-content\/uploads\/2015\/11\/aaedfb01-01a5-407f-b68f-2950e5177501.jpg\" alt=\"aaedfb01-01a5-407f-b68f-2950e5177501\" width=\"591\" height=\"322\" srcset=\"https:\/\/radiowebmx.com\/nota\/wp-content\/uploads\/2015\/11\/aaedfb01-01a5-407f-b68f-2950e5177501.jpg 591w, https:\/\/radiowebmx.com\/nota\/wp-content\/uploads\/2015\/11\/aaedfb01-01a5-407f-b68f-2950e5177501-300x163.jpg 300w\" sizes=\"auto, (max-width: 591px) 100vw, 591px\" \/><\/a>En aras de impulsar el desarrollo econ\u00f3mico de la capital del estado y compartir experiencias en materia de inversi\u00f3n, la tarde de este domingo, el Presidente Municipal de Morelia, Alfonso Mart\u00ednez Alc\u00e1zar, sostuvo una reuni\u00f3n con empresarios del estado de Nuevo Le\u00f3n, con quienes pudo conversar acerca de posibles proyectos para el municipio.<\/p>\n<p>En el coraz\u00f3n de Monterrey, el Alcalde recorri\u00f3 el Parque Fundidora, acompa\u00f1ado de los inversionistas, as\u00ed como del Gobernador del Estado Jaime Rodr\u00edguez, quienes le externaron su inter\u00e9s por estrechar alianzas de desarrollo con el estado y, en particular, con el municipio.<\/p>\n<p>Al transitar por el parque urbano, los empresarios compartieron con Mart\u00ednez Alc\u00e1zar respecto a la construcci\u00f3n de este espacio considerado un Museo de Sitio de Arqueolog\u00eda Industrial y el cual hoy en d\u00eda brinda una oferta de entretenimiento, descanso, as\u00ed como de actividades culturales y deportivas.<\/p>\n<p>De igual forma, el Presidente Municipal de Morelia, al dialogar con el Gobernador Independiente, intercambi\u00f3 opiniones referentes a pol\u00edticas econ\u00f3micas que han sido exitosas en dicha entidad federativa y algunas de las cuales podr\u00edan ser replicadas en la ciudad, a fin de fortalecer la econom\u00eda y la atracci\u00f3n de inversiones nacionales, as\u00ed como internacionales.<\/p>\n<p>En este tenor, asegur\u00f3 que Morelia se encuentra en el mejor momento para invertir, al consolidarse como un lugar con mejores condiciones de seguridad y goza de una excelente ubicaci\u00f3n geogr\u00e1fica.<\/p>\n<p>Finalmente, Alfonso Mart\u00ednez resalt\u00f3 que el Ayuntamiento est\u00e1 interesado en fortalecer v\u00ednculos empresariales con otros estados y emprender pol\u00edticas de inversi\u00f3n que se traduzcan en la generaci\u00f3n de empleos en el municipio e impulsen el desarrollo econ\u00f3mico y social de la capital del estado<\/p>\n","protected":false},"excerpt":{"rendered":"<p>En aras de impulsar el desarrollo econ\u00f3mico de la capital del estado y compartir experiencias en materia de inversi\u00f3n, la tarde de este domingo, el Presidente Municipal de Morelia, AMA, sostuvo una reuni\u00f3n con empresarios del estado de Nuevo Le\u00f3n,<\/p>\n","protected":false},"author":1,"featured_media":19827,"comment_status":"open","ping_status":"open","sticky":false,"template":"","format":"standard","meta":{"footnotes":""},"categories":[14,9],"tags":[],"class_list":["post-19826","post","type-post","status-publish","format-standard","has-post-thumbnail","hentry","category-destacadas","category-morelia"],"_links":{"self":[{"href":"https:\/\/radiowebmx.com\/nota\/wp-json\/wp\/v2\/posts\/19826","targetHints":{"allow":["GET"]}}],"collection":[{"href":"https:\/\/radiowebmx.com\/nota\/wp-json\/wp\/v2\/posts"}],"about":[{"href":"https:\/\/radiowebmx.com\/nota\/wp-json\/wp\/v2\/types\/post"}],"author":[{"embeddable":true,"href":"https:\/\/radiowebmx.com\/nota\/wp-json\/wp\/v2\/users\/1"}],"replies":[{"embeddable":true,"href":"https:\/\/radiowebmx.com\/nota\/wp-json\/wp\/v2\/comments?post=19826"}],"version-history":[{"count":1,"href":"https:\/\/radiowebmx.com\/nota\/wp-json\/wp\/v2\/posts\/19826\/revisions"}],"predecessor-version":[{"id":19828,"href":"https:\/\/radiowebmx.com\/nota\/wp-json\/wp\/v2\/posts\/19826\/revisions\/19828"}],"wp:featuredmedia":[{"embeddable":true,"href":"https:\/\/radiowebmx.com\/nota\/wp-json\/wp\/v2\/media\/19827"}],"wp:attachment":[{"href":"https:\/\/radiowebmx.com\/nota\/wp-json\/wp\/v2\/media?parent=19826"}],"wp:term":[{"taxonomy":"category","embeddable":true,"href":"https:\/\/radiowebmx.com\/nota\/wp-json\/wp\/v2\/categories?post=19826"},{"taxonomy":"post_tag","embeddable":true,"href":"https:\/\/radiowebmx.com\/nota\/wp-json\/wp\/v2\/tags?post=19826"}],"curies":[{"name":"wp","href":"https:\/\/api.w.org\/{rel}","templated":true}]}}