{"id":19816,"date":"2015-11-23T13:11:34","date_gmt":"2015-11-23T19:11:34","guid":{"rendered":"https:\/\/radiowebmx.com\/nota\/?p=19816"},"modified":"2015-11-23T13:11:58","modified_gmt":"2015-11-23T19:11:58","slug":"supera-expectativas-tercer-festival-del-chapulin-llevado-a-cabo-en-la-tenencia-de-chiquimitio","status":"publish","type":"post","link":"https:\/\/radiowebmx.com\/nota\/supera-expectativas-tercer-festival-del-chapulin-llevado-a-cabo-en-la-tenencia-de-chiquimitio\/","title":{"rendered":"Supera expectativas Tercer Festival del Chapul\u00edn llevado a cabo en la tenencia de Chiquimit\u00edo"},"content":{"rendered":"<p><a href=\"https:\/\/radiowebmx.com\/nota\/wp-content\/uploads\/2015\/11\/2c30522a-19f3-4f77-bbe2-883a48a81238.jpg\"><img loading=\"lazy\" decoding=\"async\" class=\"alignleft size-full wp-image-19817\" src=\"https:\/\/radiowebmx.com\/nota\/wp-content\/uploads\/2015\/11\/2c30522a-19f3-4f77-bbe2-883a48a81238.jpg\" alt=\"2c30522a-19f3-4f77-bbe2-883a48a81238\" width=\"591\" height=\"319\" srcset=\"https:\/\/radiowebmx.com\/nota\/wp-content\/uploads\/2015\/11\/2c30522a-19f3-4f77-bbe2-883a48a81238.jpg 591w, https:\/\/radiowebmx.com\/nota\/wp-content\/uploads\/2015\/11\/2c30522a-19f3-4f77-bbe2-883a48a81238-300x162.jpg 300w\" sizes=\"auto, (max-width: 591px) 100vw, 591px\" \/><\/a>Con el objetivo de que los morelianos conozcan las bondades alimenticias que el Chapul\u00edn proporciona, este domingo se llev\u00f3 a cabo con \u00e9xito la inauguraci\u00f3n del Tercer Festival del Chapul\u00edn.<\/p>\n<p>Con la degustaci\u00f3n de una gran variedad de platillos preparados a base del chapul\u00edn, los morelianos pudieron continuar disfrutando de un domingo familiar en la tenencia de Chiquimit\u00edo, sede hasta donde llegaron ciudadanos provenientes de otras tenencias, comunidades y del centro de la ciudad.<\/p>\n<p>La encargada de dar las palabras de bienvenida a nombre del Presidente Municipal Alfonso Mart\u00ednez Alc\u00e1zar, fue la titular de la Secretar\u00eda de Fomento Econ\u00f3mico Ireri Rivera Garc\u00eda, quien resalt\u00f3 que esta actividad tambi\u00e9n tiene el objetivo de darle una mirada distinta a la plaga de este insecto, de tal forma que pueda ser una alternativa de producci\u00f3n para el desarrollo rural del municipio.<\/p>\n<p>Acompa\u00f1ada por al Secretario T\u00e9cnico del Consejo de la Ciudad Erik Avil\u00e9s Mart\u00ednez, la titular de la Secretar\u00eda de Turismo Thelma Aquique Arrieta, la coordinadora de la Comisi\u00f3n de Desarrollo Rural del Consejo de la Ciudad, Anitzel Ramos Vel\u00e1zquez, as\u00ed como los regidores Adela Alejandre Flores y Osvaldo Ru\u00edz Ram\u00edrez, Rivera Garc\u00eda subray\u00f3 el esfuerzo que se est\u00e1 realizando desde el Gobierno Municipal para darle difusi\u00f3n a este tipo de actividades, en donde adem\u00e1s la ciudadan\u00eda tenga la oportunidad de conocer y disfrutar de las tenencias.<\/p>\n","protected":false},"excerpt":{"rendered":"<p>Con el objetivo de que los morelianos conozcan las bondades alimenticias que el Chapul\u00edn proporciona, este domingo se llev\u00f3 a cabo con \u00e9xito la inauguraci\u00f3n del Tercer Festival del Chapul\u00edn.<\/p>\n","protected":false},"author":1,"featured_media":19817,"comment_status":"open","ping_status":"open","sticky":false,"template":"","format":"standard","meta":{"footnotes":""},"categories":[14,9],"tags":[],"class_list":["post-19816","post","type-post","status-publish","format-standard","has-post-thumbnail","hentry","category-destacadas","category-morelia"],"_links":{"self":[{"href":"https:\/\/radiowebmx.com\/nota\/wp-json\/wp\/v2\/posts\/19816","targetHints":{"allow":["GET"]}}],"collection":[{"href":"https:\/\/radiowebmx.com\/nota\/wp-json\/wp\/v2\/posts"}],"about":[{"href":"https:\/\/radiowebmx.com\/nota\/wp-json\/wp\/v2\/types\/post"}],"author":[{"embeddable":true,"href":"https:\/\/radiowebmx.com\/nota\/wp-json\/wp\/v2\/users\/1"}],"replies":[{"embeddable":true,"href":"https:\/\/radiowebmx.com\/nota\/wp-json\/wp\/v2\/comments?post=19816"}],"version-history":[{"count":1,"href":"https:\/\/radiowebmx.com\/nota\/wp-json\/wp\/v2\/posts\/19816\/revisions"}],"predecessor-version":[{"id":19818,"href":"https:\/\/radiowebmx.com\/nota\/wp-json\/wp\/v2\/posts\/19816\/revisions\/19818"}],"wp:featuredmedia":[{"embeddable":true,"href":"https:\/\/radiowebmx.com\/nota\/wp-json\/wp\/v2\/media\/19817"}],"wp:attachment":[{"href":"https:\/\/radiowebmx.com\/nota\/wp-json\/wp\/v2\/media?parent=19816"}],"wp:term":[{"taxonomy":"category","embeddable":true,"href":"https:\/\/radiowebmx.com\/nota\/wp-json\/wp\/v2\/categories?post=19816"},{"taxonomy":"post_tag","embeddable":true,"href":"https:\/\/radiowebmx.com\/nota\/wp-json\/wp\/v2\/tags?post=19816"}],"curies":[{"name":"wp","href":"https:\/\/api.w.org\/{rel}","templated":true}]}}