{"id":19793,"date":"2015-11-23T12:06:34","date_gmt":"2015-11-23T18:06:34","guid":{"rendered":"https:\/\/radiowebmx.com\/nota\/?p=19793"},"modified":"2015-11-23T12:06:34","modified_gmt":"2015-11-23T18:06:34","slug":"instalan-trabajos-del-comite-estatal-de-monitoreo-de-la-evaluacion-del-desempeno-docente-en-michoacan","status":"publish","type":"post","link":"https:\/\/radiowebmx.com\/nota\/instalan-trabajos-del-comite-estatal-de-monitoreo-de-la-evaluacion-del-desempeno-docente-en-michoacan\/","title":{"rendered":"Instalan trabajos del Comit\u00e9 Estatal de Monitoreo de la Evaluaci\u00f3n del Desempe\u00f1o Docente en Michoac\u00e1n"},"content":{"rendered":"<p><a href=\"https:\/\/radiowebmx.com\/nota\/wp-content\/uploads\/2015\/11\/a50392fb-5a32-4fac-86a3-33df26b49113.jpg\"><img loading=\"lazy\" decoding=\"async\" class=\"alignleft size-full wp-image-19794\" src=\"https:\/\/radiowebmx.com\/nota\/wp-content\/uploads\/2015\/11\/a50392fb-5a32-4fac-86a3-33df26b49113.jpg\" alt=\"a50392fb-5a32-4fac-86a3-33df26b49113\" width=\"591\" height=\"313\" srcset=\"https:\/\/radiowebmx.com\/nota\/wp-content\/uploads\/2015\/11\/a50392fb-5a32-4fac-86a3-33df26b49113.jpg 591w, https:\/\/radiowebmx.com\/nota\/wp-content\/uploads\/2015\/11\/a50392fb-5a32-4fac-86a3-33df26b49113-300x159.jpg 300w\" sizes=\"auto, (max-width: 591px) 100vw, 591px\" \/><\/a>La secretaria de Educaci\u00f3n en el Estado, Silvia Figueroa Zamudio, acompa\u00f1ada del delegado de la Secretar\u00eda de Educaci\u00f3n P\u00fablica (SEP), as\u00ed como de personal de la Comisi\u00f3n Estatal de Derechos Humanos (CEDH), y del Colegio de Notarios de Michoac\u00e1n, instalaron los trabajos del Comit\u00e9 Estatal de Monitoreo de la Evaluaci\u00f3n Docente en Michoac\u00e1n.<\/p>\n<p>De esta forma se dio fe del arranque del proceso de evaluaci\u00f3n que tiene lugar por primera vez en la entidad, cuya jornada inici\u00f3 en tiempo y forma en la sede prevista para ello.<\/p>\n<p>Al arranque de este proceso los representantes de dichas dependencias, coincidieron en reconocer el arribo de docentes michoacanos quienes decidieron sumarse a este proceso que coadyuvar\u00e1 a la mejora de la calidad educativa en el Estado.<\/p>\n<p>En su oportunidad, el delegado de la SEP, Enrique Martini Castillo, destac\u00f3 la participaci\u00f3n de las y los maestros de la entidad en esta jornada de evaluaci\u00f3n que sin duda traer\u00e1 beneficios profesionales y para los estudiantes de Michoac\u00e1n.<\/p>\n<p>Por su parte, la secretaria de Educaci\u00f3n en el Estado (SEE), Silvia Figueroa Zamudio, felicit\u00f3 a quienes atendieron el llamado a la evaluaci\u00f3n y decidieron sumarse a este proceso que garantiza mejores oportunidades para el magisterio michoacano.<\/p>\n<p>Cabe se\u00f1alar que los miembros de citado Comit\u00e9 dar\u00e1n fe de la seguridad y respeto de los derechos de docentes que participan en la Evaluaci\u00f3n del Desempe\u00f1o Docente.<\/p>\n","protected":false},"excerpt":{"rendered":"<p>La secretaria de Educaci\u00f3n en el Estado, Silvia Figueroa Zamudio, acompa\u00f1ada del delegado de la SEP, as\u00ed como de personal de la CEDH, y del Colegio de Notarios de Michoac\u00e1n, instalaron los trabajos del Comit\u00e9 Estatal de Monitoreo de la Evaluaci\u00f3n Docente en Michoac\u00e1n.<\/p>\n","protected":false},"author":1,"featured_media":19794,"comment_status":"open","ping_status":"open","sticky":false,"template":"","format":"standard","meta":{"footnotes":""},"categories":[14,3],"tags":[],"class_list":["post-19793","post","type-post","status-publish","format-standard","has-post-thumbnail","hentry","category-destacadas","category-gobierno-del-estado-de-michoacan"],"_links":{"self":[{"href":"https:\/\/radiowebmx.com\/nota\/wp-json\/wp\/v2\/posts\/19793","targetHints":{"allow":["GET"]}}],"collection":[{"href":"https:\/\/radiowebmx.com\/nota\/wp-json\/wp\/v2\/posts"}],"about":[{"href":"https:\/\/radiowebmx.com\/nota\/wp-json\/wp\/v2\/types\/post"}],"author":[{"embeddable":true,"href":"https:\/\/radiowebmx.com\/nota\/wp-json\/wp\/v2\/users\/1"}],"replies":[{"embeddable":true,"href":"https:\/\/radiowebmx.com\/nota\/wp-json\/wp\/v2\/comments?post=19793"}],"version-history":[{"count":1,"href":"https:\/\/radiowebmx.com\/nota\/wp-json\/wp\/v2\/posts\/19793\/revisions"}],"predecessor-version":[{"id":19795,"href":"https:\/\/radiowebmx.com\/nota\/wp-json\/wp\/v2\/posts\/19793\/revisions\/19795"}],"wp:featuredmedia":[{"embeddable":true,"href":"https:\/\/radiowebmx.com\/nota\/wp-json\/wp\/v2\/media\/19794"}],"wp:attachment":[{"href":"https:\/\/radiowebmx.com\/nota\/wp-json\/wp\/v2\/media?parent=19793"}],"wp:term":[{"taxonomy":"category","embeddable":true,"href":"https:\/\/radiowebmx.com\/nota\/wp-json\/wp\/v2\/categories?post=19793"},{"taxonomy":"post_tag","embeddable":true,"href":"https:\/\/radiowebmx.com\/nota\/wp-json\/wp\/v2\/tags?post=19793"}],"curies":[{"name":"wp","href":"https:\/\/api.w.org\/{rel}","templated":true}]}}