{"id":19791,"date":"2015-11-23T12:03:31","date_gmt":"2015-11-23T18:03:31","guid":{"rendered":"https:\/\/radiowebmx.com\/nota\/?p=19791"},"modified":"2015-11-23T12:03:31","modified_gmt":"2015-11-23T18:03:31","slug":"michoacan-esta-dando-un-gran-paso-con-la-aplicacion-de-la-evaluacion-docente-pri","status":"publish","type":"post","link":"https:\/\/radiowebmx.com\/nota\/michoacan-esta-dando-un-gran-paso-con-la-aplicacion-de-la-evaluacion-docente-pri\/","title":{"rendered":"\u201cMICHOAC\u00c1N EST\u00c1 DANDO UN GRAN PASO CON LA APLICACI\u00d3N DE LA EVALUACI\u00d3N DOCENTE\u201d: PRI"},"content":{"rendered":"<p class=\"ecxMsoNormal\">\u201cEl Partido Revolucionario Institucional, consciente del gran paso que est\u00e1 dando Michoac\u00e1n en este momento con la evaluaci\u00f3n docente, ratifica su apoyo total a la reforma del Presidente de la Rep\u00fablica, Enrique Pe\u00f1a Nieto\u201d, as\u00ed lo se\u00f1al\u00f3 Agust\u00edn Trujillo, dirigente estatal del PRI.<\/p>\n<p class=\"ecxMsoNormal\">\n<p class=\"ecxMsoNormal\">El Presidente del Comit\u00e9 Estatal del PRI en Michoac\u00e1n, destac\u00f3 el gran trabajo realizado por el primer pri\u00edsta del pa\u00eds, Enrique Pe\u00f1a Nieto, al ser el principal promotor de esta evaluaci\u00f3n docente, a la que calific\u00f3 como \u201cuno de los avances m\u00e1s significativos de la educaci\u00f3n en la historia reciente de M\u00e9xico y en Michoac\u00e1n sin dudas habr\u00e1 un antes y un despu\u00e9s de este d\u00eda\u201d.<\/p>\n<p class=\"ecxMsoNormal\">\n<p class=\"ecxMsoNormal\">Trujillo \u00cd\u00f1iguez, manifest\u00f3 que hasta el momento aqu\u00ed en Michoac\u00e1n, no tiene conocimiento de que haya existido alg\u00fan incidente, se\u00f1al\u00f3 que las cosas marchan de buena forma y agradeci\u00f3 la disponibilidad de todos los profesores para que se pudiera aplicar de manera pacifica este examen.<\/p>\n<p class=\"ecxMsoNormal\">\n<p class=\"ecxMsoNormal\">El l\u00edder del PRI, extern\u00f3 que est\u00e1 Reforma Educativa, emprendida por el mandatario nacional, es una muestra clara del gran inter\u00e9s que tiene Pe\u00f1a Nieto en transformar a M\u00e9xico en un pa\u00eds capacitado, \u201ccon esto resultar\u00e1 beneficiada la educaci\u00f3n p\u00fablica, las escuelas, los docentes, los alumnos y las alumnas\u201d puntualiz\u00f3.<\/p>\n<p class=\"ecxMsoNormal\">\n<p class=\"ecxMsoNormal\">El dirigente del tricolor en el estado, reconoci\u00f3 la importancia de esta evaluaci\u00f3n docente, pues dijo, \u201cla capacitaci\u00f3n y profesionalizaci\u00f3n de los docentes es de suma importancia para las instituciones educativas y m\u00e1s aun para los alumnos, por eso este d\u00eda con la aplicaci\u00f3n de este examen es un clara se\u00f1al de que el gobierno de la Rep\u00fablica, realmente est\u00e1 moviendo a M\u00e9xico\u201d finaliz\u00f3.<\/p>\n<p class=\"ecxMsoNormal\">\n<p class=\"ecxMsoNormal\">El Presidente del PRI en Michoac\u00e1n, destac\u00f3 que tanto en el congreso local, como en el de la uni\u00f3n, los legisladores pri\u00edstas aprobar\u00e1n y apoyar\u00e1n todo lo que sea en beneficio de la gente, \u201cal ser mayor\u00eda en las dos c\u00e1maras, ratificamos nuestro compromiso con la sociedad y siempre estaremos a favor de los beneficios y en contra de lo que perjudique, la evaluaci\u00f3n docente a los maestros sin lugar a dudas es en pro de la sociedad\u201d.<\/p>\n<p class=\"ecxMsoNormal\">\n<p class=\"ecxMsoNormal\">En este tenor, Trujillo \u00cd\u00f1iguez, agreg\u00f3 que al igual que todos los legisladores pri\u00edstas, los sectores y organizaciones del tricolor, est\u00e1n en apoyo total ha esta Reforma Educativa y a todo lo que beneficie a la sociedad\u201d.<\/p>\n","protected":false},"excerpt":{"rendered":"<p>\u201cEl Partido Revolucionario Institucional, consciente del gran paso que est\u00e1 dando Michoac\u00e1n en este momento con la evaluaci\u00f3n docente, ratifica su apoyo total a la reforma del Presidente de la Rep\u00fablica, Enrique Pe\u00f1a Nieto\u201d,<\/p>\n","protected":false},"author":1,"featured_media":0,"comment_status":"open","ping_status":"open","sticky":false,"template":"","format":"standard","meta":{"footnotes":""},"categories":[11,12],"tags":[],"class_list":["post-19791","post","type-post","status-publish","format-standard","hentry","category-partidos-politicos","category-pri"],"_links":{"self":[{"href":"https:\/\/radiowebmx.com\/nota\/wp-json\/wp\/v2\/posts\/19791","targetHints":{"allow":["GET"]}}],"collection":[{"href":"https:\/\/radiowebmx.com\/nota\/wp-json\/wp\/v2\/posts"}],"about":[{"href":"https:\/\/radiowebmx.com\/nota\/wp-json\/wp\/v2\/types\/post"}],"author":[{"embeddable":true,"href":"https:\/\/radiowebmx.com\/nota\/wp-json\/wp\/v2\/users\/1"}],"replies":[{"embeddable":true,"href":"https:\/\/radiowebmx.com\/nota\/wp-json\/wp\/v2\/comments?post=19791"}],"version-history":[{"count":1,"href":"https:\/\/radiowebmx.com\/nota\/wp-json\/wp\/v2\/posts\/19791\/revisions"}],"predecessor-version":[{"id":19792,"href":"https:\/\/radiowebmx.com\/nota\/wp-json\/wp\/v2\/posts\/19791\/revisions\/19792"}],"wp:attachment":[{"href":"https:\/\/radiowebmx.com\/nota\/wp-json\/wp\/v2\/media?parent=19791"}],"wp:term":[{"taxonomy":"category","embeddable":true,"href":"https:\/\/radiowebmx.com\/nota\/wp-json\/wp\/v2\/categories?post=19791"},{"taxonomy":"post_tag","embeddable":true,"href":"https:\/\/radiowebmx.com\/nota\/wp-json\/wp\/v2\/tags?post=19791"}],"curies":[{"name":"wp","href":"https:\/\/api.w.org\/{rel}","templated":true}]}}