{"id":19785,"date":"2015-11-23T11:53:14","date_gmt":"2015-11-23T17:53:14","guid":{"rendered":"https:\/\/radiowebmx.com\/nota\/?p=19785"},"modified":"2015-11-23T11:53:14","modified_gmt":"2015-11-23T17:53:14","slug":"la-policia-federal-reporta-saldo-blanco-tras-jornada-de-manifestaciones-en-la-ciudad-de-morelia","status":"publish","type":"post","link":"https:\/\/radiowebmx.com\/nota\/la-policia-federal-reporta-saldo-blanco-tras-jornada-de-manifestaciones-en-la-ciudad-de-morelia\/","title":{"rendered":"La Polic\u00eda Federal reporta saldo blanco tras jornada de manifestaciones en la ciudad de Morelia"},"content":{"rendered":"<p><a href=\"https:\/\/radiowebmx.com\/nota\/wp-content\/uploads\/2015\/11\/0e7bb489-ed48-4a9b-aef9-57ae251dc747.jpg\"><img loading=\"lazy\" decoding=\"async\" class=\"alignleft size-full wp-image-19786\" src=\"https:\/\/radiowebmx.com\/nota\/wp-content\/uploads\/2015\/11\/0e7bb489-ed48-4a9b-aef9-57ae251dc747.jpg\" alt=\"0e7bb489-ed48-4a9b-aef9-57ae251dc747\" width=\"591\" height=\"339\" srcset=\"https:\/\/radiowebmx.com\/nota\/wp-content\/uploads\/2015\/11\/0e7bb489-ed48-4a9b-aef9-57ae251dc747.jpg 591w, https:\/\/radiowebmx.com\/nota\/wp-content\/uploads\/2015\/11\/0e7bb489-ed48-4a9b-aef9-57ae251dc747-300x172.jpg 300w, https:\/\/radiowebmx.com\/nota\/wp-content\/uploads\/2015\/11\/0e7bb489-ed48-4a9b-aef9-57ae251dc747-128x72.jpg 128w\" sizes=\"auto, (max-width: 591px) 100vw, 591px\" \/><\/a>El destacamento de la Polic\u00eda Federal en el estado de Michoac\u00e1n, report\u00f3 saldo blanco durante este s\u00e1bado en la ciudad de Morelia y municipios aleda\u00f1os.<\/p>\n<p>A\u00fan y cuando desde temprana hora se report\u00f3 movilizaci\u00f3n de algunos grupos de manifestantes que llegaron por carretera a la capital del estado, la concentraci\u00f3n no gener\u00f3 afectaciones de consideraci\u00f3n y la movilizaci\u00f3n que lleg\u00f3 al centro hist\u00f3rico de Morelia se desarroll\u00f3 sin incidentes mayores, por lo que el reporte general fue: sin novedad.<\/p>\n<p>En tanto los elementos de la Polic\u00eda Federal reforzaron los patrullajes de vigilancia para evitar actos vand\u00e1licos o prevenir cualquier il\u00edcito y establecieron puntos de revisi\u00f3n itinerantes, con el fin de garantizar la seguridad de quienes entraron o salieron de la ciudad por carretera.<\/p>\n<p>Cabe recordar que el refuerzo en el estado de fuerza de las Divisiones de Seguridad Regional, Gendarmer\u00eda y Fuerzas Federales de la Polic\u00eda Federal, tiene el objetivo de garantizar las condiciones de seguridad de los habitantes y visitantes del estado de Michoac\u00e1n.<\/p>\n<p>As\u00ed mismo, en coordinaci\u00f3n con las autoridades estatales, se tiene previsto acompa\u00f1ar el proceso de evaluaci\u00f3n docente que se realiza este fin de semana en la entidad, a fin de que los participantes acudan en las mejores condiciones a realizar sus ex\u00e1menes.<\/p>\n<p>La Polic\u00eda Federal refrenda su compromiso de emplear todas sus capacidades en beneficio de los habitantes del estado de Michoac\u00e1n y de todo el pa\u00eds.<\/p>\n","protected":false},"excerpt":{"rendered":"<p>El destacamento de la Polic\u00eda Federal en el estado de Michoac\u00e1n, report\u00f3 saldo blanco durante este s\u00e1bado en la ciudad de Morelia y municipios aleda\u00f1os.<\/p>\n","protected":false},"author":1,"featured_media":19786,"comment_status":"open","ping_status":"open","sticky":false,"template":"","format":"standard","meta":{"footnotes":""},"categories":[14,3],"tags":[],"class_list":["post-19785","post","type-post","status-publish","format-standard","has-post-thumbnail","hentry","category-destacadas","category-gobierno-del-estado-de-michoacan"],"_links":{"self":[{"href":"https:\/\/radiowebmx.com\/nota\/wp-json\/wp\/v2\/posts\/19785","targetHints":{"allow":["GET"]}}],"collection":[{"href":"https:\/\/radiowebmx.com\/nota\/wp-json\/wp\/v2\/posts"}],"about":[{"href":"https:\/\/radiowebmx.com\/nota\/wp-json\/wp\/v2\/types\/post"}],"author":[{"embeddable":true,"href":"https:\/\/radiowebmx.com\/nota\/wp-json\/wp\/v2\/users\/1"}],"replies":[{"embeddable":true,"href":"https:\/\/radiowebmx.com\/nota\/wp-json\/wp\/v2\/comments?post=19785"}],"version-history":[{"count":1,"href":"https:\/\/radiowebmx.com\/nota\/wp-json\/wp\/v2\/posts\/19785\/revisions"}],"predecessor-version":[{"id":19787,"href":"https:\/\/radiowebmx.com\/nota\/wp-json\/wp\/v2\/posts\/19785\/revisions\/19787"}],"wp:featuredmedia":[{"embeddable":true,"href":"https:\/\/radiowebmx.com\/nota\/wp-json\/wp\/v2\/media\/19786"}],"wp:attachment":[{"href":"https:\/\/radiowebmx.com\/nota\/wp-json\/wp\/v2\/media?parent=19785"}],"wp:term":[{"taxonomy":"category","embeddable":true,"href":"https:\/\/radiowebmx.com\/nota\/wp-json\/wp\/v2\/categories?post=19785"},{"taxonomy":"post_tag","embeddable":true,"href":"https:\/\/radiowebmx.com\/nota\/wp-json\/wp\/v2\/tags?post=19785"}],"curies":[{"name":"wp","href":"https:\/\/api.w.org\/{rel}","templated":true}]}}