{"id":19720,"date":"2015-11-20T15:50:23","date_gmt":"2015-11-20T21:50:23","guid":{"rendered":"https:\/\/radiowebmx.com\/nota\/?p=19720"},"modified":"2015-11-20T15:51:16","modified_gmt":"2015-11-20T21:51:16","slug":"con-un-gran-apoyo-de-universidades-y-organizaciones-civiles-se-registra-victor-serrato-para-la-cedh","status":"publish","type":"post","link":"https:\/\/radiowebmx.com\/nota\/con-un-gran-apoyo-de-universidades-y-organizaciones-civiles-se-registra-victor-serrato-para-la-cedh\/","title":{"rendered":"Con un gran apoyo de Universidades y Organizaciones Civiles, se registra V\u00edctor Serrato para la CEDH"},"content":{"rendered":"<p><a href=\"https:\/\/radiowebmx.com\/nota\/wp-content\/uploads\/2015\/11\/12271570_10153527121106997_644816655_o.jpg\"><img loading=\"lazy\" decoding=\"async\" class=\"alignleft size-full wp-image-19722\" src=\"https:\/\/radiowebmx.com\/nota\/wp-content\/uploads\/2015\/11\/12271570_10153527121106997_644816655_o.jpg\" alt=\"12271570_10153527121106997_644816655_o\" width=\"591\" height=\"352\" srcset=\"https:\/\/radiowebmx.com\/nota\/wp-content\/uploads\/2015\/11\/12271570_10153527121106997_644816655_o.jpg 591w, https:\/\/radiowebmx.com\/nota\/wp-content\/uploads\/2015\/11\/12271570_10153527121106997_644816655_o-300x179.jpg 300w\" sizes=\"auto, (max-width: 591px) 100vw, 591px\" \/><\/a><\/p>\n<p>Con el respaldo del rector de la Universidad Michoacana, del rector de la Universidad Vasco de Quiroga, de la Cl\u00ednica de Litigio Estrat\u00e9gico en Derechos Humanos de la Facultad de Derecho y Ciencias Sociales, del Instituto de Estudios Superiores en Derecho Penal, del Instituto de Formaci\u00f3n e Investigaciones Jur\u00eddicas de Michoac\u00e1n, de la Ilustre Academia Iberoamericana de Doctores, del Colectivo de Organizaciones Michoacanas Pro Derechos Humanos A. C., de la Agrupaci\u00f3n Michoacana de Abogadas A. C., y de un gran n\u00famero de organizaciones no gubernamentales e institutos de estudios jur\u00eddicos, sociales y pol\u00edticos, VICTOR MANUEL SERRATO LOZANO present\u00f3 ante el Congreso del Estado su solicitud de registro para participar en el proceso de elecci\u00f3n del nuevo Ombudsman en Michoac\u00e1n.<\/p>\n<p>El proyecto de trabajo de V\u00edctor Manuel Serrato Lozano para ocupar la Presidencia de la Comisi\u00f3n Estatal de los Derechos Humanos contempla diversos programas y l\u00edneas estrat\u00e9gicas de acciones a favor de la defensa, estudio y promoci\u00f3n de los derechos fundamentales, entre los que destacan:<\/p>\n<p>-Un programa para la prevenci\u00f3n de la trata de personas y compromisos para la atenci\u00f3n de la ni\u00f1ez v\u00edctima de la violencia.<\/p>\n<p>-Acciones de atenci\u00f3n y colaboraci\u00f3n con las instancias de procuraci\u00f3n de justicia en el tema de las personas v\u00edctimas de desaparici\u00f3n forzada o involuntaria.<\/p>\n<p>-Impulso a programas contra la discriminaci\u00f3n y aquellos que fomenten una cultura de respeto, observancia y accesibilidad de los derechos de las personas con discapacidades.<\/p>\n<p>-Elaborar un diagnostic\u00f3 del fen\u00f3meno de desplazamiento interno.<\/p>\n<p>-Propuestas de armonizaci\u00f3n legislativa y de reestructuraci\u00f3n org\u00e1nica funcional de la CEDH para dotarla de mayores capacidades operativas, encaminarla hacia la plena autonom\u00eda e incrementar su capacidad de respuesta, as\u00ed como generar m\u00e1s contacto con la ciudadan\u00eda, a fin de recobrar la confianza social y reestablecer la autoridad moral del organismo.<\/p>\n","protected":false},"excerpt":{"rendered":"<p>Con el respaldo del rector de la Universidad Michoacana, del rector de la Universidad Vasco de Quiroga, de la Cl\u00ednica de Litigio Estrat\u00e9gico en Derechos Humanos de la Facultad de Derecho y Ciencias Sociales,<\/p>\n","protected":false},"author":1,"featured_media":19722,"comment_status":"open","ping_status":"open","sticky":false,"template":"","format":"standard","meta":{"footnotes":""},"categories":[14],"tags":[],"class_list":["post-19720","post","type-post","status-publish","format-standard","has-post-thumbnail","hentry","category-destacadas"],"_links":{"self":[{"href":"https:\/\/radiowebmx.com\/nota\/wp-json\/wp\/v2\/posts\/19720","targetHints":{"allow":["GET"]}}],"collection":[{"href":"https:\/\/radiowebmx.com\/nota\/wp-json\/wp\/v2\/posts"}],"about":[{"href":"https:\/\/radiowebmx.com\/nota\/wp-json\/wp\/v2\/types\/post"}],"author":[{"embeddable":true,"href":"https:\/\/radiowebmx.com\/nota\/wp-json\/wp\/v2\/users\/1"}],"replies":[{"embeddable":true,"href":"https:\/\/radiowebmx.com\/nota\/wp-json\/wp\/v2\/comments?post=19720"}],"version-history":[{"count":2,"href":"https:\/\/radiowebmx.com\/nota\/wp-json\/wp\/v2\/posts\/19720\/revisions"}],"predecessor-version":[{"id":19723,"href":"https:\/\/radiowebmx.com\/nota\/wp-json\/wp\/v2\/posts\/19720\/revisions\/19723"}],"wp:featuredmedia":[{"embeddable":true,"href":"https:\/\/radiowebmx.com\/nota\/wp-json\/wp\/v2\/media\/19722"}],"wp:attachment":[{"href":"https:\/\/radiowebmx.com\/nota\/wp-json\/wp\/v2\/media?parent=19720"}],"wp:term":[{"taxonomy":"category","embeddable":true,"href":"https:\/\/radiowebmx.com\/nota\/wp-json\/wp\/v2\/categories?post=19720"},{"taxonomy":"post_tag","embeddable":true,"href":"https:\/\/radiowebmx.com\/nota\/wp-json\/wp\/v2\/tags?post=19720"}],"curies":[{"name":"wp","href":"https:\/\/api.w.org\/{rel}","templated":true}]}}