{"id":19706,"date":"2015-11-19T11:46:51","date_gmt":"2015-11-19T17:46:51","guid":{"rendered":"https:\/\/radiowebmx.com\/nota\/?p=19706"},"modified":"2015-11-19T11:46:51","modified_gmt":"2015-11-19T17:46:51","slug":"imde-presente-en-el-desfile-del-20-de-noviembre","status":"publish","type":"post","link":"https:\/\/radiowebmx.com\/nota\/imde-presente-en-el-desfile-del-20-de-noviembre\/","title":{"rendered":"IMDE, presente en el desfile del 20 de Noviembre"},"content":{"rendered":"<div><\/div>\n<div><a href=\"https:\/\/radiowebmx.com\/nota\/wp-content\/uploads\/2015\/11\/d0821031-9554-4d6c-8662-307433d56150.jpg\"><img loading=\"lazy\" decoding=\"async\" class=\"alignleft size-full wp-image-19707\" src=\"https:\/\/radiowebmx.com\/nota\/wp-content\/uploads\/2015\/11\/d0821031-9554-4d6c-8662-307433d56150.jpg\" alt=\"d0821031-9554-4d6c-8662-307433d56150\" width=\"2991\" height=\"1260\" srcset=\"https:\/\/radiowebmx.com\/nota\/wp-content\/uploads\/2015\/11\/d0821031-9554-4d6c-8662-307433d56150.jpg 2991w, https:\/\/radiowebmx.com\/nota\/wp-content\/uploads\/2015\/11\/d0821031-9554-4d6c-8662-307433d56150-300x126.jpg 300w, https:\/\/radiowebmx.com\/nota\/wp-content\/uploads\/2015\/11\/d0821031-9554-4d6c-8662-307433d56150-1024x431.jpg 1024w\" sizes=\"auto, (max-width: 2991px) 100vw, 2991px\" \/><\/a><\/div>\n<div>El Instituto Municipal de Cultura F\u00edsica y Deporte (IMDE), participar\u00e1 en el desfile c\u00edvico-deportivo del 20 de noviembre, \u00a0conmemorativo al CXV aniversario del inicio de la Revoluci\u00f3n Mexicana, motivo por el cual, se realiz\u00f3 un ensayo general\u00a0 en las instalaciones del Complejo Deportivo Bicentenario.<\/p>\n<p>El ayuntamiento de Morelia, encabezado por el edil, Alfonso Mart\u00ednez Alc\u00e1zar, participar\u00e1, a trav\u00e9s del IMDE y su director general, Gustavo Ju\u00e1rez Bedolla, en la parada c\u00edvico-deportiva organizada por la Comisi\u00f3n Estatal de Cultura F\u00edsica y Deporte (CECUFID).<\/p>\n<p>El Instituto Municipal de Cultura F\u00edsica y Deporte (IMDE), tomar\u00e1 parte con un contingente de alrededor de 120 personas, en las disciplinas de box y nataci\u00f3n, en la modalidad de carros aleg\u00f3ricos, quienes ser\u00e1n acompa\u00f1ados por un grupo de zumba, el cual ver\u00e1 acci\u00f3n en ejercicios sobre la marcha.<\/p>\n<p>Con la firme convicci\u00f3n de representar dignamente al ayuntamiento de Morelia, la delegaci\u00f3n del IMDE llev\u00f3 a cabo un ensayo general en la pista \u201cErnesto Canto\u201d del Complejo Deportivo Bicentenario.<\/p>\n<p>\u201cFue el ensayo general del desfile del 20 de noviembre, donde estaremos participando en zumba, nataci\u00f3n y box, tenemos un grupo que supera las 100 personas. Es la segunda ocasi\u00f3n en que el IMDE tomar\u00e1 parte en esta parada c\u00edvico-depotiva con el firme prop\u00f3sito de representar dignamente al ayuntamiento de Morelia que encabeza nuestro presidente Alfonso Mart\u00ednez Alc\u00e1zar\u201d, apunt\u00f3 Paulina Flores, titular del departamento de Deporte para Todos del IMDE.<\/p>\n<p>\u201cVamos a llevar una actividad de ejercicios sobre la marcha, por lo que estamos poniendo especial atenci\u00f3n en la coordinaci\u00f3n, el movimiento de las manos y la adaptaci\u00f3n a la m\u00fasica, es por ello que nos estamos preparando de la mejor forma. Vamos por el primer lugar, les aseguro\u201d, expres\u00f3 euf\u00f3rica la instructora de fitness, Cielo Moreno.<\/p>\n<p>El trayecto iniciar\u00e1 en la emblem\u00e1tica fuente de Las Tarascas, para seguir por la Avenida Madero y concluir en la calle Gonz\u00e1lez Ortega, para un recorrido total de 2.5 kil\u00f3metros.<\/p>\n<p>El d\u00eda de la festividad se espera una asistencia de m\u00e1s de 15 mil morelianos, por lo cual se mencion\u00f3 que se habilitar\u00e1 un operativo de seguridad, el cual incluir\u00e1 puestos de revisi\u00f3n y el cierre de diversas vialidades de la zona c\u00e9ntrica de Morelia.<\/p><\/div>\n","protected":false},"excerpt":{"rendered":"<p>El IMDE, participar\u00e1 en el desfile c\u00edvico-deportivo del 20 de noviembre,  conmemorativo al CXV aniversario del inicio de la Revoluci\u00f3n Mexicana, motivo por el cual,<\/p>\n","protected":false},"author":1,"featured_media":19707,"comment_status":"open","ping_status":"open","sticky":false,"template":"","format":"standard","meta":{"footnotes":""},"categories":[14,9],"tags":[],"class_list":["post-19706","post","type-post","status-publish","format-standard","has-post-thumbnail","hentry","category-destacadas","category-morelia"],"_links":{"self":[{"href":"https:\/\/radiowebmx.com\/nota\/wp-json\/wp\/v2\/posts\/19706","targetHints":{"allow":["GET"]}}],"collection":[{"href":"https:\/\/radiowebmx.com\/nota\/wp-json\/wp\/v2\/posts"}],"about":[{"href":"https:\/\/radiowebmx.com\/nota\/wp-json\/wp\/v2\/types\/post"}],"author":[{"embeddable":true,"href":"https:\/\/radiowebmx.com\/nota\/wp-json\/wp\/v2\/users\/1"}],"replies":[{"embeddable":true,"href":"https:\/\/radiowebmx.com\/nota\/wp-json\/wp\/v2\/comments?post=19706"}],"version-history":[{"count":1,"href":"https:\/\/radiowebmx.com\/nota\/wp-json\/wp\/v2\/posts\/19706\/revisions"}],"predecessor-version":[{"id":19708,"href":"https:\/\/radiowebmx.com\/nota\/wp-json\/wp\/v2\/posts\/19706\/revisions\/19708"}],"wp:featuredmedia":[{"embeddable":true,"href":"https:\/\/radiowebmx.com\/nota\/wp-json\/wp\/v2\/media\/19707"}],"wp:attachment":[{"href":"https:\/\/radiowebmx.com\/nota\/wp-json\/wp\/v2\/media?parent=19706"}],"wp:term":[{"taxonomy":"category","embeddable":true,"href":"https:\/\/radiowebmx.com\/nota\/wp-json\/wp\/v2\/categories?post=19706"},{"taxonomy":"post_tag","embeddable":true,"href":"https:\/\/radiowebmx.com\/nota\/wp-json\/wp\/v2\/tags?post=19706"}],"curies":[{"name":"wp","href":"https:\/\/api.w.org\/{rel}","templated":true}]}}