{"id":19704,"date":"2015-11-19T11:43:53","date_gmt":"2015-11-19T17:43:53","guid":{"rendered":"https:\/\/radiowebmx.com\/nota\/?p=19704"},"modified":"2015-11-19T11:43:53","modified_gmt":"2015-11-19T17:43:53","slug":"temas-de-cafe-400","status":"publish","type":"post","link":"https:\/\/radiowebmx.com\/nota\/temas-de-cafe-400\/","title":{"rendered":"TEMAS DE CAF\u00c9"},"content":{"rendered":"<ul>\n<li><a href=\"https:\/\/radiowebmx.com\/nota\/wp-content\/uploads\/2013\/06\/temas-de-cafe.jpg\"><img loading=\"lazy\" decoding=\"async\" class=\"alignleft size-full wp-image-2805\" src=\"https:\/\/radiowebmx.com\/nota\/wp-content\/uploads\/2013\/06\/temas-de-cafe.jpg\" alt=\"temas de cafe\" width=\"295\" height=\"171\" \/><\/a>MODERNIZARAN LAS NORMALES<\/li>\n<li>\u00bfREUBICARIAN LA DE TIRIPETIO?<\/li>\n<li>MEJORARAN RUTA DE LA TRUCHA<\/li>\n<li>PROTEGERAN A LOS PROFESORES<\/li>\n<\/ul>\n<p>El 29 del mes anterior el presidente de M\u00e9xico, Enrique Pe\u00f1a Nieto firm\u00f3 varios acuerdos con los padres, de los 43 normalistas desaparecidos de Ayotzinapa, en uno de ellos se destaca la promesa de re-dignificar las normales en el pa\u00eds, mejorar la infraestructura y los espacios de estos centros, pero se entiende que adem\u00e1s se deben actualizar, los programas de estudios porque el modelo actual data de 1934, con algunas leves modificaciones mientras que M\u00e9xico, ha cambiado bastante desde entonces, por lo cual se debe aprovechar esta coyuntura, para proceder a actualizar los sistemas de las escuelas normales rurales, y regionales de todo el pa\u00eds.<\/p>\n<p>DE 485 NORMALES EN EL PA\u00cdS, CONFLICTIVAS SOLO 17<\/p>\n<p>De acuerdo al Secretario de Educaci\u00f3n Aurelio N\u00fa\u00f1ez, en M\u00e9xico actualmente hay 485 p\u00fablicas y privadas, la mayor\u00eda ofrece educaci\u00f3n de primera calidad, pero a pesar de ello se deben actualizar, ya que sus programas de estudios est\u00e1n atrasados, principalmente en las 17 que existen en Michoac\u00e1n, Guerrero, Oaxaca y Chiapas las cuales est\u00e1n catalogadas como focos \u00a0rojos.<\/p>\n<p>Afirm\u00f3 el titular de la SEP que ninguna normal en el pa\u00eds, puede estar al margen de la ley, por lo cual se trabajar\u00e1 con ellas, para actualizarlas y mejorarlas en todos los aspectos, para tener a los mejores maestros que preparen, debidamente a las futuras generaciones en M\u00e9xico, porque solamente con educaci\u00f3n de calidad, se podr\u00e1n superar muchos cosas que no permiten que M\u00e9xico avance.<\/p>\n<p>LAS PRIMERAS ESCUELAS CENTRALES AGRICOLAS<\/p>\n<p>Nos debemos remontar hasta 1922 cuando nacen, las escuelas normales regionales o tambi\u00e9n llamadas centrales agr\u00edcolas, formaron parte de la reforma educativa, de los gobiernos posrevolucionarios y su objetivo principal, era especializar la educaci\u00f3n en el \u00e1mbito rural, la concientizaci\u00f3n y participaci\u00f3n social, as\u00ed el educador deber\u00eda ser gu\u00eda y orientador de los alumnos.<\/p>\n<p>Para trasformar las zonas m\u00e1s marginadas del pa\u00eds, l\u00f3gicamente desde su inicio fueron atacados los alumnos, y las escuelas por los grupos conservadores, porque se dijo eran semilleros de guerrilleros, as\u00ed en 1934 efectivamente el general L\u00e1zaro C\u00e1rdenas, presidente de M\u00e9xico redefine el quehacer de las normales rurales, en 1935 nace la FECSM organismo que se ha dedicado a defender, a las normales de todos los ataques, aunque acepta que la educaci\u00f3n que se imparte es de corte marxista. Inicialmente los alumnos recib\u00edan clases de actividades agropecuarias, porque M\u00e9xico era predominantemente rural. Hoy esto ha cambiado.<\/p>\n<p>LAS NORMALES RURAES, TENIAN VOCACION DE SERVIR<\/p>\n<p>La idea que se intent\u00f3 transmitir a los estudiantes, de estas escuelas normales fue el esp\u00edritu de servir a sus comunidades, para transformarlas mediante la ense\u00f1anza, y mejorar el futuro y calidad de la vida, de los que ah\u00ed habitaban as\u00ed mismo buscaron, crear agentes de cambio y desarrollo proporcionando, los conocimientos y las herramientas necesarias, para combatir la pobreza pero obviamente esto, se ha perdido en el camino porque \u00a0hoy los egresados de estas normales, buscan solamente su bienestar y seguridad, no la de los habitantes de sus comunidades.<\/p>\n<p>ACTUALIZARLAS Y ALGUNAS REUBICARLAS<\/p>\n<p>Obviamente la mayor\u00eda de los normalistas, que estudian en Michoac\u00e1n, Guerrero, Chiapas y Oaxaca, han perdido el rumbo por eso hoy se oponen a la evaluaci\u00f3n educativa, que busca conocer la situaci\u00f3n real de los profesores, para de ah\u00ed partir y capacitarlos lo necesario, para que se conviertan en los profesores, que ayuden a mejorar la educaci\u00f3n, porque la peor se encuentra en estos cuatro estados, por algo debe ser.<\/p>\n<p>Un cap\u00edtulo aparte en este proceso de actualizar los planes de estudio, re dignificar las normales \u00a0y sus espacios ser\u00eda muy bueno, reubicar algunas de las normales las cuales no deben estar, cerca de los centros urbanos del estado, deben acercarlos a las comunidades rurales, donde realmente hagan falta\u00a0 porque ni modo tenemos que aceptar, que los maestros hoy no saben nada de las actividades del campo, eso se acab\u00f3 o est\u00e1 por acabar, se requiere otro perfil del maestro, por eso el sistema de normales debe redefinirse, en base a nuestra realidad.<\/p>\n<p>SABADO 21 Y DOMINGO 22, MUY CALIENTES<\/p>\n<p>Definitivamente los pr\u00f3ximos s\u00e1bado y domingo ser\u00e1n, muy calientes en Morelia ya\u00a0 que se deber\u00e1 realizar la evaluaci\u00f3n de los maestros, actividad que se encuentra muy complicada, porque oportunamente la CNTE de Juan Jos\u00e9 Ortega, dio conocer, que quien la haga ser\u00e1 corrido de este organismo, mientras que el gobernador del estado Silvano Aureoles, afirma que ni un maestro ser\u00e1 \u00a0despedido, aunque repruebe el examen se le capacitar\u00e1 para que lo vuelva a hacer, mientras tanto la CNTE con sus dirigente han dado a conocer, que har\u00e1n todo lo posible por evitar que se realice esta evaluaci\u00f3n, por lo cual podr\u00eda haber enfrentamientos, que a final de cuentas es lo que busca la CNTE, victimizarse.<\/p>\n<p>PROTEGERAN A LOS PROFESORES: ADRIAN LOPEZ<\/p>\n<p>El secretario de gobierno Adri\u00e1n L\u00f3pez Sol\u00eds, dijo que se tiene un operativo especial de seguridad y protecci\u00f3n, para los maestros que acudan este s\u00e1bado y o domingo, a realizar su evaluaci\u00f3n \u00a0para ello se han coordinado, las diversas fuerzas de seguridad que se encuentra, en Morelia y el interior del estado, para garantizar a los profesores que su proceso,\u00a0 se garantiza ser\u00e1 en paz y tranquilidad pesar de las advertencias, de la CNTE y su dirigente Juan Jos\u00e9 Ortega.<\/p>\n<p>NO HABRA ALZA A TARIFA DEL TRANSPORTE: ADRIAN<\/p>\n<p>Tambi\u00e9n ayer mismo el secretario de gobierno, tranquiliz\u00f3 a los morelianos, cuando dijo que por este a\u00f1o no habr\u00e1 ning\u00fan incremento, a la tarifa del servicio del transporte colectivo, cuyos representantes han presentado una solicitud para incrementar,\u00a0 la tarifa de siete pesos a 8 con cincuenta, la cual seguramente como ha sucedido en anteriores ocasiones, podr\u00eda quedar en 8 pesos pero esto ser\u00e1 hasta el a\u00f1o entrante.<\/p>\n<p>MADRES DE NORMALISTAS PIDEN DEJAR EN PAZ A SUS HIJOS<\/p>\n<p>En\u00a0 un hecho inusitado algunas madres de normalistas, y uno que otro padre se manifestaron ayer, en la avenida Madero, dando gritos para que dejen a sus hijos en libertad, esto despu\u00e9s de que la polic\u00eda detuvo a dos normalistas, que secuestraron y robaron diversos productos, de camiones \u00a0dijeron que hacen responsable, al gobierno del estado de lo que les pase a sus angelitos, a quienes exigieron el gobierno los deje secuestrar, robar, bloquear y hacer lo que les d\u00e9 la gana, porque son inocentes de todo.<\/p>\n<p>EN CUALQUIER MOMENTO EL ESTADO DE DERECHO<\/p>\n<p>Mientras tanto la delegada de la PGR, Berta Paredes Gardu\u00f1o dijo que la PGR,\u00a0 trabaja en las averiguaciones contra los normalistas, que han cometido diversos delitos, y advirti\u00f3 que de un momento a otro, se podr\u00eda aplicar el estado de derecho, o sea que el estado de derecho se aplica en forma intermitente, vaya con la delegada de la PGR, por eso estamos como estamos la cuesti\u00f3n es, que se trabaja en esto aunque despu\u00e9s se puso seria y advirti\u00f3 que se aplicar\u00e1 la ley aunque sean, dirigentes gremiales o normalistas, esperamos que as\u00ed sea y pronto.<\/p>\n<p>LOS MANDUJANO SON UNA FAMILIA FELIZ<\/p>\n<p>No cabe duda que hay familias con suerte, tenemos por ejemplo a Carlos Mandujano que regres\u00f3 de Morelos, donde era funcionario de la administraci\u00f3n estatal, vuelve a ser el jefe en\u00a0 Protecci\u00f3n civil, su hijo Carlos es un genio de la mercadotecnia pol\u00edtica, reci\u00e9n recibi\u00f3 un reconocimiento por ser el mejor en su especialidad, por cierto tenemos que felicitarlo sabemos lo que es eso, estaremos en Lima Per\u00fa los primeros d\u00edas de diciembre, en nuestra cuarta Cumbre Internacional de Comunicaci\u00f3n Pol\u00edtica.<\/p>\n<p>ZAIRA MANDUJANO DELEGADA DE LA SRE<\/p>\n<p>Si no le han dado posesi\u00f3n lo har\u00e1n en estos d\u00edas, pero Zaira Mandujano hija de Carlos se\u00f1or y hermana de Carlos Junior, ser\u00e1 la delegada de la Secretar\u00eda de Relaciones Exteriores en Michoac\u00e1n, \u00a0con sede en Morelia, ella ya ha sido secretaria del Migrante, en la anterior administraci\u00f3n\u00a0 de Leonel Godoy, y por lo menos su padre es uno de los amigos m\u00e1s cercanos, del ingeniero\u00a0 Cuauht\u00e9moc C\u00e1rdenas conocimos a Carlos, desde la campa\u00f1a para gobernador del ingeniero. As\u00ed pues los Mandujano, integran una familia muy a feliz, en la actual administraci\u00f3n estatal.<\/p>\n<p>&nbsp;<\/p>\n<p>&nbsp;<\/p>\n","protected":false},"excerpt":{"rendered":"<p>\u2022\tMODERNIZARAN LAS NORMALES<br \/>\n\u2022\t\u00bfREUBICARIAN LA DE TIRIPETIO?<br \/>\n\u2022\tMEJORARAN RUTA DE LA TRUCHA<br \/>\n\u2022\tPROTEGERAN A LOS PROFESORES<\/p>\n","protected":false},"author":1,"featured_media":0,"comment_status":"open","ping_status":"open","sticky":false,"template":"","format":"standard","meta":{"footnotes":""},"categories":[4,14,10],"tags":[],"class_list":["post-19704","post","type-post","status-publish","format-standard","hentry","category-columnistas","category-destacadas","category-juan-manuel-belmonte"],"_links":{"self":[{"href":"https:\/\/radiowebmx.com\/nota\/wp-json\/wp\/v2\/posts\/19704","targetHints":{"allow":["GET"]}}],"collection":[{"href":"https:\/\/radiowebmx.com\/nota\/wp-json\/wp\/v2\/posts"}],"about":[{"href":"https:\/\/radiowebmx.com\/nota\/wp-json\/wp\/v2\/types\/post"}],"author":[{"embeddable":true,"href":"https:\/\/radiowebmx.com\/nota\/wp-json\/wp\/v2\/users\/1"}],"replies":[{"embeddable":true,"href":"https:\/\/radiowebmx.com\/nota\/wp-json\/wp\/v2\/comments?post=19704"}],"version-history":[{"count":1,"href":"https:\/\/radiowebmx.com\/nota\/wp-json\/wp\/v2\/posts\/19704\/revisions"}],"predecessor-version":[{"id":19705,"href":"https:\/\/radiowebmx.com\/nota\/wp-json\/wp\/v2\/posts\/19704\/revisions\/19705"}],"wp:attachment":[{"href":"https:\/\/radiowebmx.com\/nota\/wp-json\/wp\/v2\/media?parent=19704"}],"wp:term":[{"taxonomy":"category","embeddable":true,"href":"https:\/\/radiowebmx.com\/nota\/wp-json\/wp\/v2\/categories?post=19704"},{"taxonomy":"post_tag","embeddable":true,"href":"https:\/\/radiowebmx.com\/nota\/wp-json\/wp\/v2\/tags?post=19704"}],"curies":[{"name":"wp","href":"https:\/\/api.w.org\/{rel}","templated":true}]}}