{"id":19690,"date":"2015-11-19T11:15:28","date_gmt":"2015-11-19T17:15:28","guid":{"rendered":"https:\/\/radiowebmx.com\/nota\/?p=19690"},"modified":"2015-11-19T11:15:28","modified_gmt":"2015-11-19T17:15:28","slug":"ayuntamiento-de-morelia-firma-convenio-a-favor-de-trabajadores-de-la-construccion","status":"publish","type":"post","link":"https:\/\/radiowebmx.com\/nota\/ayuntamiento-de-morelia-firma-convenio-a-favor-de-trabajadores-de-la-construccion\/","title":{"rendered":"Ayuntamiento de Morelia firma convenio a favor de trabajadores de la construcci\u00f3n"},"content":{"rendered":"<p><a href=\"https:\/\/radiowebmx.com\/nota\/wp-content\/uploads\/2015\/11\/594cfc9d-5cee-4e29-b775-961cba51f9bf.jpg\"><img loading=\"lazy\" decoding=\"async\" class=\"alignleft size-full wp-image-19691\" src=\"https:\/\/radiowebmx.com\/nota\/wp-content\/uploads\/2015\/11\/594cfc9d-5cee-4e29-b775-961cba51f9bf.jpg\" alt=\"594cfc9d-5cee-4e29-b775-961cba51f9bf\" width=\"591\" height=\"269\" srcset=\"https:\/\/radiowebmx.com\/nota\/wp-content\/uploads\/2015\/11\/594cfc9d-5cee-4e29-b775-961cba51f9bf.jpg 591w, https:\/\/radiowebmx.com\/nota\/wp-content\/uploads\/2015\/11\/594cfc9d-5cee-4e29-b775-961cba51f9bf-300x137.jpg 300w\" sizes=\"auto, (max-width: 591px) 100vw, 591px\" \/><\/a><\/p>\n<p>Con la finalidad de incrementar la cantidad de personas con seguridad social en el municipio sobre todo para los profesionistas del ramo de la construcci\u00f3n, el Ayuntamiento de Morelia y la delegaci\u00f3n michoacana del Instituto Mexicano del Seguro Social (IMSS) firmaron el Convenio de Colaboraci\u00f3n Administrativa para el Intercambio de Informaci\u00f3n en Materia Fiscal.<\/p>\n<p>El tesorero Municipal, Alberto Guzm\u00e1n D\u00edaz, detall\u00f3 que dicho documento permitir\u00e1 a las familias del trabajador de la construcci\u00f3n, tener acceso a servicios m\u00e9dicos \u00a0y convierte a la capital michoacana en el \u00a0primer municipio en el estado que firma con el IMSS este tipo de convenios.<\/p>\n<p>Por su parte, el S\u00edndico Municipal, Fabio Sistos Rangel\u00a0 destac\u00f3\u00a0 que la preocupaci\u00f3n parti\u00f3 por detectar que la gran mayor\u00eda de este sector econ\u00f3mico de la poblaci\u00f3n moreliana ha carecido de seguridad social y en este sentido dijo que las problem\u00e1ticas para la poblaci\u00f3n son la falta de servicios de salud y cr\u00e9ditos para viviendas en detrimento de la calidad de vida.<\/p>\n<p>Inform\u00f3 que la administraci\u00f3n municipal encabezada por el Presidente Municipal, Alfonso Mart\u00ednez Alc\u00e1zar \u00a0consciente de esto, instruy\u00f3 y aprob\u00f3 el intercambio de bases de datos, licencias de construcci\u00f3n \u00a0entre Tesorer\u00eda Municipal y la delegaci\u00f3n michoacana del IMSS, para que se pueden detectar a los patrones de los trabajadores de la construcci\u00f3n y que estos les brinden todas las prestaciones de Ley.<\/p>\n<p>Sistos Rangel acompa\u00f1ado por el delegado estatal del IMSS, Rom\u00e1n Acosta Rosales, agradeci\u00f3 esta labor conjunta con la federaci\u00f3n en beneficio de la poblaci\u00f3n y que busca dar frutos en bien de la ciudadan\u00eda.<\/p>\n<p>Acosta Rosales asegur\u00f3 que con estas acciones se \u00a0permitir\u00e1 que m\u00e1s \u00a0trabajadores de la construcci\u00f3n y unidades de negocio con licencias de construcci\u00f3n tengan y brinden \u00a0seguridad social, convenios \u00a0que buscar\u00e1n\u00a0 extender en \u00a0m\u00e1s municipios michoacanos y seguir el ejemplo de Morelia.<\/p>\n<p>Otros de los asistentes a este evento fueron Julio Castellanos Ram\u00edrez, procurador Fiscal, Yankel Ben\u00edtez Silva, secretario de Administraci\u00f3n y Er\u00e9ndira Vallejo Luciano, coordinadora de Atenci\u00f3n del Derechohabiente del IMSS.<\/p>\n","protected":false},"excerpt":{"rendered":"<p>Con la finalidad de incrementar la cantidad de personas con seguridad social en el municipio sobre todo para los profesionistas del ramo de la construcci\u00f3n,<\/p>\n","protected":false},"author":1,"featured_media":19691,"comment_status":"open","ping_status":"open","sticky":false,"template":"","format":"standard","meta":{"footnotes":""},"categories":[14,9],"tags":[],"class_list":["post-19690","post","type-post","status-publish","format-standard","has-post-thumbnail","hentry","category-destacadas","category-morelia"],"_links":{"self":[{"href":"https:\/\/radiowebmx.com\/nota\/wp-json\/wp\/v2\/posts\/19690","targetHints":{"allow":["GET"]}}],"collection":[{"href":"https:\/\/radiowebmx.com\/nota\/wp-json\/wp\/v2\/posts"}],"about":[{"href":"https:\/\/radiowebmx.com\/nota\/wp-json\/wp\/v2\/types\/post"}],"author":[{"embeddable":true,"href":"https:\/\/radiowebmx.com\/nota\/wp-json\/wp\/v2\/users\/1"}],"replies":[{"embeddable":true,"href":"https:\/\/radiowebmx.com\/nota\/wp-json\/wp\/v2\/comments?post=19690"}],"version-history":[{"count":1,"href":"https:\/\/radiowebmx.com\/nota\/wp-json\/wp\/v2\/posts\/19690\/revisions"}],"predecessor-version":[{"id":19692,"href":"https:\/\/radiowebmx.com\/nota\/wp-json\/wp\/v2\/posts\/19690\/revisions\/19692"}],"wp:featuredmedia":[{"embeddable":true,"href":"https:\/\/radiowebmx.com\/nota\/wp-json\/wp\/v2\/media\/19691"}],"wp:attachment":[{"href":"https:\/\/radiowebmx.com\/nota\/wp-json\/wp\/v2\/media?parent=19690"}],"wp:term":[{"taxonomy":"category","embeddable":true,"href":"https:\/\/radiowebmx.com\/nota\/wp-json\/wp\/v2\/categories?post=19690"},{"taxonomy":"post_tag","embeddable":true,"href":"https:\/\/radiowebmx.com\/nota\/wp-json\/wp\/v2\/tags?post=19690"}],"curies":[{"name":"wp","href":"https:\/\/api.w.org\/{rel}","templated":true}]}}