{"id":19687,"date":"2015-11-19T11:11:38","date_gmt":"2015-11-19T17:11:38","guid":{"rendered":"https:\/\/radiowebmx.com\/nota\/?p=19687"},"modified":"2015-11-19T11:11:38","modified_gmt":"2015-11-19T17:11:38","slug":"michoacan-tendra-un-sector-forestal-moderno-y-sustentable-roberto-perez-medrano","status":"publish","type":"post","link":"https:\/\/radiowebmx.com\/nota\/michoacan-tendra-un-sector-forestal-moderno-y-sustentable-roberto-perez-medrano\/","title":{"rendered":"Michoac\u00e1n tendr\u00e1 un sector forestal moderno y sustentable: Roberto P\u00e9rez Medrano"},"content":{"rendered":"<p>El Gobierno del Estado mantiene firme el compromiso por instrumentar un sector forestal moderno, productivo y sustentable para que \u00e9sta y las futuras generaciones de michoacanos disfruten de los beneficios ambientales, sociales y econ\u00f3micos que brindan los bosques y selvas de nuestra entidad, asegur\u00f3 el director general de la Comisi\u00f3n Forestal (Cofom), Roberto P\u00e9rez Medrano.<\/p>\n<p>Lo anterior, al presentar a los nuevos funcionarios con el objetivo de fortalecer y consolidar la estructura interna de la dependencia.<\/p>\n<p>En ese sentido, entreg\u00f3 sus nombramientos en las subdirecciones de Planeaci\u00f3n y Desarrollo Forestal a Arnulfo Ochoa \u00c1lvarez; Restauraci\u00f3n Forestal, Eduardo Aguilar Delgado; Protecci\u00f3n Forestal, Francisco Rodr\u00edguez Romero y Sacramento Honorio Garc\u00eda Sosa, Subdirector de Inspecci\u00f3n y Vigilancia Forestal.<\/p>\n<p>As\u00ed como en las jefaturas de departamento de Investigaci\u00f3n y Cultura Forestal a Marina Garc\u00eda Castro; Manejo Forestal, Mario Delgado Alcantar; Desarrollo Forestal, Fabi\u00e1n Fabricio V\u00e1zquez Carmona; Ulises Trujillo Jim\u00e9nez, Abastecimiento e Industria Forestal; Departamento de Restauraci\u00f3n de Suelos, Agust\u00edn Mart\u00ednez Toledo y en la Jefatura del Departamento de Producci\u00f3n de Planta, a Gilberto Olivares Huerta.<\/p>\n<p>Carlos Cervera Moreno, jefe del Departamento de Plantaciones Forestales; Ivonne L\u00f3pez P\u00e9rez, Sanidad Forestal; Sa\u00fal S\u00e1enz Garc\u00eda, Incendios Forestales; Gerardo Olmos Bernal, jefe del Departamento de Fauna Silvestre.<\/p>\n","protected":false},"excerpt":{"rendered":"<p>El Gobierno del Estado mantiene firme el compromiso por instrumentar un sector forestal moderno,<\/p>\n","protected":false},"author":1,"featured_media":19688,"comment_status":"open","ping_status":"open","sticky":false,"template":"","format":"standard","meta":{"footnotes":""},"categories":[14,3],"tags":[],"class_list":["post-19687","post","type-post","status-publish","format-standard","has-post-thumbnail","hentry","category-destacadas","category-gobierno-del-estado-de-michoacan"],"_links":{"self":[{"href":"https:\/\/radiowebmx.com\/nota\/wp-json\/wp\/v2\/posts\/19687","targetHints":{"allow":["GET"]}}],"collection":[{"href":"https:\/\/radiowebmx.com\/nota\/wp-json\/wp\/v2\/posts"}],"about":[{"href":"https:\/\/radiowebmx.com\/nota\/wp-json\/wp\/v2\/types\/post"}],"author":[{"embeddable":true,"href":"https:\/\/radiowebmx.com\/nota\/wp-json\/wp\/v2\/users\/1"}],"replies":[{"embeddable":true,"href":"https:\/\/radiowebmx.com\/nota\/wp-json\/wp\/v2\/comments?post=19687"}],"version-history":[{"count":1,"href":"https:\/\/radiowebmx.com\/nota\/wp-json\/wp\/v2\/posts\/19687\/revisions"}],"predecessor-version":[{"id":19689,"href":"https:\/\/radiowebmx.com\/nota\/wp-json\/wp\/v2\/posts\/19687\/revisions\/19689"}],"wp:featuredmedia":[{"embeddable":true,"href":"https:\/\/radiowebmx.com\/nota\/wp-json\/wp\/v2\/media\/19688"}],"wp:attachment":[{"href":"https:\/\/radiowebmx.com\/nota\/wp-json\/wp\/v2\/media?parent=19687"}],"wp:term":[{"taxonomy":"category","embeddable":true,"href":"https:\/\/radiowebmx.com\/nota\/wp-json\/wp\/v2\/categories?post=19687"},{"taxonomy":"post_tag","embeddable":true,"href":"https:\/\/radiowebmx.com\/nota\/wp-json\/wp\/v2\/tags?post=19687"}],"curies":[{"name":"wp","href":"https:\/\/api.w.org\/{rel}","templated":true}]}}