{"id":19667,"date":"2015-11-18T10:57:43","date_gmt":"2015-11-18T16:57:43","guid":{"rendered":"https:\/\/radiowebmx.com\/nota\/?p=19667"},"modified":"2015-11-18T10:57:43","modified_gmt":"2015-11-18T16:57:43","slug":"invita-ayuntamiento-al-primer-festival-internacional-de-mapping-morelia-2015","status":"publish","type":"post","link":"https:\/\/radiowebmx.com\/nota\/invita-ayuntamiento-al-primer-festival-internacional-de-mapping-morelia-2015\/","title":{"rendered":"Invita Ayuntamiento al primer Festival Internacional de Mapping Morelia 2015"},"content":{"rendered":"<p><a href=\"https:\/\/radiowebmx.com\/nota\/wp-content\/uploads\/2015\/11\/08cd33c3-f2e5-4c79-a1d8-ba2c013f7ca6.jpg\"><img loading=\"lazy\" decoding=\"async\" class=\"alignleft size-full wp-image-19668\" src=\"https:\/\/radiowebmx.com\/nota\/wp-content\/uploads\/2015\/11\/08cd33c3-f2e5-4c79-a1d8-ba2c013f7ca6.jpg\" alt=\"08cd33c3-f2e5-4c79-a1d8-ba2c013f7ca6\" width=\"591\" height=\"647\" srcset=\"https:\/\/radiowebmx.com\/nota\/wp-content\/uploads\/2015\/11\/08cd33c3-f2e5-4c79-a1d8-ba2c013f7ca6.jpg 591w, https:\/\/radiowebmx.com\/nota\/wp-content\/uploads\/2015\/11\/08cd33c3-f2e5-4c79-a1d8-ba2c013f7ca6-274x300.jpg 274w\" sizes=\"auto, (max-width: 591px) 100vw, 591px\" \/><\/a>Con el prop\u00f3sito de consolidar los espacios p\u00fablicos como lugares de esparcimiento familiar, este mi\u00e9rcoles dar\u00e1 inicio el primer Festival Internacional de Mapping de Morelia, en d\u00f3nde se fusionar\u00e1 la cultura tradicional del arte colonial que viste la capital del Estado con la tecnolog\u00eda audiovisual, del 18 al 21 de noviembre.<\/p>\n<p>El Ayuntamiento de Morelia encabezado por el Presidente Municipal, Alfonso Mart\u00ednez Alc\u00e1zar ha mostrado su respaldo para realizar este tipo de eventos que fortalecen el turismo en el municipio, pero sobre todo, que promueven una convivencia sana en familia.<\/p>\n<p>En esta ocasi\u00f3n los pa\u00edses invitados son Rusia, Francia, Espa\u00f1a, B\u00e9lgica y Estados Unidos, quienes se reunir\u00e1n para mostrar a los morelianos el arte visual que ofrecen.<\/p>\n<p>Cabe mencionar que la t\u00e9cnica del mapping consiste en reflejar animaciones de distintas texturas, colores y tem\u00e1ticas sobre los edificios del Primer Cuadro de la ciudad, mismas que son acompa\u00f1adas de m\u00fasica y sonidos.<\/p>\n<p>Es de precisar que todo el programa ser\u00e1 gratuito por lo que la ciudadan\u00eda tendr\u00e1 la oportunidad de disfrutar de estos eventos de calidad en un ambiente totalmente familiar.<\/p>\n","protected":false},"excerpt":{"rendered":"<p>Con el prop\u00f3sito de consolidar los espacios p\u00fablicos como lugares de esparcimiento familiar, este mi\u00e9rcoles dar\u00e1 inicio el primer Festival Internacional de Mapping de Morelia,<\/p>\n","protected":false},"author":1,"featured_media":19668,"comment_status":"open","ping_status":"open","sticky":false,"template":"","format":"standard","meta":{"footnotes":""},"categories":[14,9],"tags":[],"class_list":["post-19667","post","type-post","status-publish","format-standard","has-post-thumbnail","hentry","category-destacadas","category-morelia"],"_links":{"self":[{"href":"https:\/\/radiowebmx.com\/nota\/wp-json\/wp\/v2\/posts\/19667","targetHints":{"allow":["GET"]}}],"collection":[{"href":"https:\/\/radiowebmx.com\/nota\/wp-json\/wp\/v2\/posts"}],"about":[{"href":"https:\/\/radiowebmx.com\/nota\/wp-json\/wp\/v2\/types\/post"}],"author":[{"embeddable":true,"href":"https:\/\/radiowebmx.com\/nota\/wp-json\/wp\/v2\/users\/1"}],"replies":[{"embeddable":true,"href":"https:\/\/radiowebmx.com\/nota\/wp-json\/wp\/v2\/comments?post=19667"}],"version-history":[{"count":1,"href":"https:\/\/radiowebmx.com\/nota\/wp-json\/wp\/v2\/posts\/19667\/revisions"}],"predecessor-version":[{"id":19669,"href":"https:\/\/radiowebmx.com\/nota\/wp-json\/wp\/v2\/posts\/19667\/revisions\/19669"}],"wp:featuredmedia":[{"embeddable":true,"href":"https:\/\/radiowebmx.com\/nota\/wp-json\/wp\/v2\/media\/19668"}],"wp:attachment":[{"href":"https:\/\/radiowebmx.com\/nota\/wp-json\/wp\/v2\/media?parent=19667"}],"wp:term":[{"taxonomy":"category","embeddable":true,"href":"https:\/\/radiowebmx.com\/nota\/wp-json\/wp\/v2\/categories?post=19667"},{"taxonomy":"post_tag","embeddable":true,"href":"https:\/\/radiowebmx.com\/nota\/wp-json\/wp\/v2\/tags?post=19667"}],"curies":[{"name":"wp","href":"https:\/\/api.w.org\/{rel}","templated":true}]}}