{"id":19661,"date":"2015-11-18T10:53:46","date_gmt":"2015-11-18T16:53:46","guid":{"rendered":"https:\/\/radiowebmx.com\/nota\/?p=19661"},"modified":"2015-11-18T10:54:57","modified_gmt":"2015-11-18T16:54:57","slug":"felicita-alfonso-martinez-a-beatriz-resendiz-por-obtener-el-premio-estatal-al-merito-deportivo-2015","status":"publish","type":"post","link":"https:\/\/radiowebmx.com\/nota\/felicita-alfonso-martinez-a-beatriz-resendiz-por-obtener-el-premio-estatal-al-merito-deportivo-2015\/","title":{"rendered":"Felicita Alfonso Mart\u00ednez a Beatriz Res\u00e9ndiz por obtener el Premio Estatal al M\u00e9rito Deportivo 2015"},"content":{"rendered":"<p><a href=\"https:\/\/radiowebmx.com\/nota\/wp-content\/uploads\/2015\/11\/c6423509-92c4-4d47-af9c-c8e877d87eb9.jpg\"><img loading=\"lazy\" decoding=\"async\" class=\"alignleft size-full wp-image-19663\" src=\"https:\/\/radiowebmx.com\/nota\/wp-content\/uploads\/2015\/11\/c6423509-92c4-4d47-af9c-c8e877d87eb9.jpg\" alt=\"c6423509-92c4-4d47-af9c-c8e877d87eb9\" width=\"683\" height=\"463\" srcset=\"https:\/\/radiowebmx.com\/nota\/wp-content\/uploads\/2015\/11\/c6423509-92c4-4d47-af9c-c8e877d87eb9.jpg 683w, https:\/\/radiowebmx.com\/nota\/wp-content\/uploads\/2015\/11\/c6423509-92c4-4d47-af9c-c8e877d87eb9-300x203.jpg 300w\" sizes=\"auto, (max-width: 683px) 100vw, 683px\" \/><\/a>El Presidente Municipal, Alfonso Mart\u00ednez Alc\u00e1zar felicit\u00f3 a la sirena michoacana, Beatriz Res\u00e9ndiz por haber sido elegida para obtener el Premio Estatal al M\u00e9rito Deportivo 2015, el cual se otorga como m\u00e1xima distinci\u00f3n a los deportistas destacados en el marco de los festejos del 20 de Noviembre, Aniversario de la Revoluci\u00f3n Mexicana.<\/p>\n<p>Al respecto, el Alcalde reconoci\u00f3 la sobresaliente trayectoria en el rubro de Deportistas Especiales que ha obtenido la nadadora moreliana, quien recientemente se coron\u00f3 como campeona de los juego Parapanamericanos de Toronto 2015, al obtener la medalla de oro en la prueba de 200 metros libres.<\/p>\n<p>Es de precisar que por este galard\u00f3n participaron 10 deportistas y entrenadores destacados de la entidad en varias especialidades, sin embargo la Comisi\u00f3n de Est\u00edmulos y Reconocimientos de la Cultura F\u00edsica y Deporte del Estado, decidi\u00f3 reconocer el trabajo logrado por la moreliana.<br \/>\nBeatriz Res\u00e9ndiz o la Sirena Michoacana como ha sido nombrada en el mundo deportivo, present\u00f3 ante esta comisi\u00f3n los logros m\u00e1s importantes que obtuvo en el 2015 que la hicieron merecedora de dicha galard\u00f3n a nivel estatal, entre los que destacan \u00a0el \u00a0oro obtenido \u00a0en los Juegos Parapanamericanos de Toronto 2015; oro y plata conquistados en los Juegos Globales Mundiales realizados en Ecuador.<\/p>\n<p>Finalmente, Alfonso Mart\u00ednez asegur\u00f3 que Beatriz es un ejemplo para todos los j\u00f3venes morelianos, quienes se pueden sentir inspirados para lograr sus objetivos tanto deportivos como en la vida personal.<\/p>\n","protected":false},"excerpt":{"rendered":"<p>El Presidente Municipal, Alfonso Mart\u00ednez Alc\u00e1zar felicit\u00f3 a la sirena michoacana, Beatriz Res\u00e9ndiz por haber sido elegida para obtener el Premio Estatal al M\u00e9rito Deportivo 2015,<\/p>\n","protected":false},"author":1,"featured_media":19663,"comment_status":"open","ping_status":"open","sticky":false,"template":"","format":"standard","meta":{"footnotes":""},"categories":[14,9],"tags":[],"class_list":["post-19661","post","type-post","status-publish","format-standard","has-post-thumbnail","hentry","category-destacadas","category-morelia"],"_links":{"self":[{"href":"https:\/\/radiowebmx.com\/nota\/wp-json\/wp\/v2\/posts\/19661","targetHints":{"allow":["GET"]}}],"collection":[{"href":"https:\/\/radiowebmx.com\/nota\/wp-json\/wp\/v2\/posts"}],"about":[{"href":"https:\/\/radiowebmx.com\/nota\/wp-json\/wp\/v2\/types\/post"}],"author":[{"embeddable":true,"href":"https:\/\/radiowebmx.com\/nota\/wp-json\/wp\/v2\/users\/1"}],"replies":[{"embeddable":true,"href":"https:\/\/radiowebmx.com\/nota\/wp-json\/wp\/v2\/comments?post=19661"}],"version-history":[{"count":2,"href":"https:\/\/radiowebmx.com\/nota\/wp-json\/wp\/v2\/posts\/19661\/revisions"}],"predecessor-version":[{"id":19666,"href":"https:\/\/radiowebmx.com\/nota\/wp-json\/wp\/v2\/posts\/19661\/revisions\/19666"}],"wp:featuredmedia":[{"embeddable":true,"href":"https:\/\/radiowebmx.com\/nota\/wp-json\/wp\/v2\/media\/19663"}],"wp:attachment":[{"href":"https:\/\/radiowebmx.com\/nota\/wp-json\/wp\/v2\/media?parent=19661"}],"wp:term":[{"taxonomy":"category","embeddable":true,"href":"https:\/\/radiowebmx.com\/nota\/wp-json\/wp\/v2\/categories?post=19661"},{"taxonomy":"post_tag","embeddable":true,"href":"https:\/\/radiowebmx.com\/nota\/wp-json\/wp\/v2\/tags?post=19661"}],"curies":[{"name":"wp","href":"https:\/\/api.w.org\/{rel}","templated":true}]}}