{"id":19658,"date":"2015-11-18T10:49:38","date_gmt":"2015-11-18T16:49:38","guid":{"rendered":"https:\/\/radiowebmx.com\/nota\/?p=19658"},"modified":"2015-11-18T10:49:38","modified_gmt":"2015-11-18T16:49:38","slug":"ooapas-premia-y-reconoce-a-ganadores-del-concurso-aguas-con-las-calaveritas","status":"publish","type":"post","link":"https:\/\/radiowebmx.com\/nota\/ooapas-premia-y-reconoce-a-ganadores-del-concurso-aguas-con-las-calaveritas\/","title":{"rendered":"OOAPAS premia y reconoce a ganadores del concurso \u201cAguas con las calaveritas\u201d"},"content":{"rendered":"<p><a href=\"https:\/\/radiowebmx.com\/nota\/wp-content\/uploads\/2015\/11\/93a05f60-91ad-46e5-b1d2-97d468f98f4e.jpg\"><img loading=\"lazy\" decoding=\"async\" class=\"alignleft size-full wp-image-19659\" src=\"https:\/\/radiowebmx.com\/nota\/wp-content\/uploads\/2015\/11\/93a05f60-91ad-46e5-b1d2-97d468f98f4e.jpg\" alt=\"93a05f60-91ad-46e5-b1d2-97d468f98f4e\" width=\"591\" height=\"377\" srcset=\"https:\/\/radiowebmx.com\/nota\/wp-content\/uploads\/2015\/11\/93a05f60-91ad-46e5-b1d2-97d468f98f4e.jpg 591w, https:\/\/radiowebmx.com\/nota\/wp-content\/uploads\/2015\/11\/93a05f60-91ad-46e5-b1d2-97d468f98f4e-300x191.jpg 300w\" sizes=\"auto, (max-width: 591px) 100vw, 591px\" \/><\/a>El OOAPAS realiz\u00f3 en las oficinas centrales la premiaci\u00f3n de su concurso de calaveritas literarias \u201cAguas con las calaveritas\u201d. Autoridades del Organismo, miembros del jurado y ganadores estuvieron presentes en el acto oficial de la entrega de premios y reconocimientos.<\/p>\n<p>En el acto oficial de entrega de premios estuvieron presentes H\u00e9ctor Borges Palacios, director del Departamento de Literatura de la Secretar\u00eda de Cultura de Michoac\u00e1n (SECUM), Ram\u00f3n Lara G\u00f3mez, Jurado del concurso \u201cAguas con las Calaveritas\u201d, por parte de la SECUM, Mario Acu\u00f1a Le\u00f3n, Jurado del concurso \u201cAguas con las Calaveritas\u201d, por parte de la Secretar\u00eda de Turismo, Cultura y Civismo de Morelia, Jos\u00e9 Antonio Laris Gonz\u00e1lez, encargado de subdirecci\u00f3n Comercial OOAPAS, en representaci\u00f3n del Director General del Organismo Operador y Dulce Elena Aguilar Prado, en representaci\u00f3n del Sindicato de Trabajadores del OOAPAS (Staooapas).<\/p>\n<p>En un evento muy significativo, las autoridades presentes entregaron los reconocimientos y premios a los ganadores. Dos ganadores de cada categor\u00eda recibieron una tablet, as\u00ed como un paquete de libros y una dotaci\u00f3n de material de cultura del agua, junto con un diploma de participaci\u00f3n. Adem\u00e1s, el jurado calificador seleccion\u00f3 a cuatro participantes m\u00e1s, a quienes se les otorg\u00f3 una menci\u00f3n honor\u00edfica por su creatividad y talento en la elaboraci\u00f3n de las calaveritas literarias.<\/p>\n","protected":false},"excerpt":{"rendered":"<p>El OOAPAS realiz\u00f3 en las oficinas centrales la premiaci\u00f3n de su concurso de calaveritas literarias \u201cAguas con las calaveritas\u201d. Autoridades del Organismo, miembros del jurado y ganadores estuvieron presentes en el acto oficial de la entrega de premios y reconocimientos.<\/p>\n","protected":false},"author":1,"featured_media":19659,"comment_status":"open","ping_status":"open","sticky":false,"template":"","format":"standard","meta":{"footnotes":""},"categories":[14,9],"tags":[],"class_list":["post-19658","post","type-post","status-publish","format-standard","has-post-thumbnail","hentry","category-destacadas","category-morelia"],"_links":{"self":[{"href":"https:\/\/radiowebmx.com\/nota\/wp-json\/wp\/v2\/posts\/19658","targetHints":{"allow":["GET"]}}],"collection":[{"href":"https:\/\/radiowebmx.com\/nota\/wp-json\/wp\/v2\/posts"}],"about":[{"href":"https:\/\/radiowebmx.com\/nota\/wp-json\/wp\/v2\/types\/post"}],"author":[{"embeddable":true,"href":"https:\/\/radiowebmx.com\/nota\/wp-json\/wp\/v2\/users\/1"}],"replies":[{"embeddable":true,"href":"https:\/\/radiowebmx.com\/nota\/wp-json\/wp\/v2\/comments?post=19658"}],"version-history":[{"count":1,"href":"https:\/\/radiowebmx.com\/nota\/wp-json\/wp\/v2\/posts\/19658\/revisions"}],"predecessor-version":[{"id":19660,"href":"https:\/\/radiowebmx.com\/nota\/wp-json\/wp\/v2\/posts\/19658\/revisions\/19660"}],"wp:featuredmedia":[{"embeddable":true,"href":"https:\/\/radiowebmx.com\/nota\/wp-json\/wp\/v2\/media\/19659"}],"wp:attachment":[{"href":"https:\/\/radiowebmx.com\/nota\/wp-json\/wp\/v2\/media?parent=19658"}],"wp:term":[{"taxonomy":"category","embeddable":true,"href":"https:\/\/radiowebmx.com\/nota\/wp-json\/wp\/v2\/categories?post=19658"},{"taxonomy":"post_tag","embeddable":true,"href":"https:\/\/radiowebmx.com\/nota\/wp-json\/wp\/v2\/tags?post=19658"}],"curies":[{"name":"wp","href":"https:\/\/api.w.org\/{rel}","templated":true}]}}