{"id":19652,"date":"2015-11-18T10:43:31","date_gmt":"2015-11-18T16:43:31","guid":{"rendered":"https:\/\/radiowebmx.com\/nota\/?p=19652"},"modified":"2015-11-18T10:43:40","modified_gmt":"2015-11-18T16:43:40","slug":"discutiran-diputados-imposibilidad-de-observaciones-del-ejecutivo-a-fiscalizacion-de-cuenta-publica-estatal","status":"publish","type":"post","link":"https:\/\/radiowebmx.com\/nota\/discutiran-diputados-imposibilidad-de-observaciones-del-ejecutivo-a-fiscalizacion-de-cuenta-publica-estatal\/","title":{"rendered":"Discutir\u00e1n diputados imposibilidad de observaciones del ejecutivo a fiscalizaci\u00f3n de cuenta p\u00fablica estatal"},"content":{"rendered":"<p class=\"ecxMsoNormal\"><a href=\"https:\/\/radiowebmx.com\/nota\/wp-content\/uploads\/2015\/11\/2a904db3-c6c3-4a78-af18-1d3546ab137d.jpg\"><img loading=\"lazy\" decoding=\"async\" class=\"alignleft size-full wp-image-19653\" src=\"https:\/\/radiowebmx.com\/nota\/wp-content\/uploads\/2015\/11\/2a904db3-c6c3-4a78-af18-1d3546ab137d.jpg\" alt=\"2a904db3-c6c3-4a78-af18-1d3546ab137d\" width=\"591\" height=\"301\" srcset=\"https:\/\/radiowebmx.com\/nota\/wp-content\/uploads\/2015\/11\/2a904db3-c6c3-4a78-af18-1d3546ab137d.jpg 591w, https:\/\/radiowebmx.com\/nota\/wp-content\/uploads\/2015\/11\/2a904db3-c6c3-4a78-af18-1d3546ab137d-300x153.jpg 300w\" sizes=\"auto, (max-width: 591px) 100vw, 591px\" \/><\/a>Hoy, durante la sesi\u00f3n de la Comisi\u00f3n de Puntos Constitucionales del H. Congreso del Estado de Michoac\u00e1n, que preside la diputada pri\u00edsta Rosa Mar\u00eda de la Torre; se acord\u00f3 discutir en el pleno de la LXXIII Legislatura el establecimiento de la imposibilidad del Ejecutivo del estado para hacer observaciones a la fiscalizaci\u00f3n de la cuenta p\u00fablica de la Hacienda Estatal, con el fin de propiciar procesos m\u00e1s transparentes en el manejo de los recursos.<\/p>\n<p class=\"ecxMsoNormal\">La comisi\u00f3n, que est\u00e1 integrada tambi\u00e9n por los diputados Miguel \u00c1ngel Villegas (PAN), Mary Carmen Bernal (PT) y Manuel L\u00f3pez (PRD)\u00a0 dictamin\u00f3 ha lugar para discusi\u00f3n la edad m\u00ednima para elegibilidad en cargos de elecci\u00f3n popular que es de 21 actualmente, para que pueda aplicar a partir de los 18 a\u00f1os; as\u00ed como cambiar de 30 a 25 a\u00f1os la edad m\u00ednima para ser gobernador del estado.<\/p>\n<p class=\"ecxMsoNormal\">Otro de los asuntos dictaminados ha lugar por la comisi\u00f3n, es dotar de mayor autonom\u00eda al Tribunal de Conciliaci\u00f3n y Arbitraje del Estado en la designaci\u00f3n de sus miembros, dando oportunidad de asignaci\u00f3n de tres magistrados por el Congreso del Estado.<\/p>\n<p class=\"ecxMsoNormal\">La elevaci\u00f3n a rango constitucional en Michoac\u00e1n de la caducidad legislativa y la iniciativa preferente, tambi\u00e9n se consideraron procedentes para su discusi\u00f3n.<\/p>\n<p class=\"ecxMsoNormal\">Entre los asuntos a revisados turnados por esta Legislatura destacan la elevaci\u00f3n de 40 a 50 a\u00f1os como pena m\u00e1xima las condenas privativas de libertad impuestas por delitos considerados graves, haciendo hincapi\u00e9 en los delitos de feminicidio.<\/p>\n<p class=\"ecxMsoNormal\">Adem\u00e1s, se discutieron la ampliaci\u00f3n del derecho de iniciativa de leyes a los ciudadanos, reconoci\u00e9ndoles las mismas atribuciones que tiene el Congreso del Estado, siempre y cuando se cumpla con el debido proceso; y la obligatoriedad, para todas las dependencias, de establecer criterios de paridad de g\u00e9nero. Ambos asuntos fueron dictaminados ha lugar tras su an\u00e1lisis en la comisi\u00f3n..<\/p>\n","protected":false},"excerpt":{"rendered":"<p>Hoy, durante la sesi\u00f3n de la Comisi\u00f3n de Puntos Constitucionales del H. Congreso del Estado de Michoac\u00e1n, que preside la diputada pri\u00edsta Rosa Mar\u00eda de la Torre;<\/p>\n","protected":false},"author":1,"featured_media":19653,"comment_status":"open","ping_status":"open","sticky":false,"template":"","format":"standard","meta":{"footnotes":""},"categories":[14,11,12],"tags":[],"class_list":["post-19652","post","type-post","status-publish","format-standard","has-post-thumbnail","hentry","category-destacadas","category-partidos-politicos","category-pri"],"_links":{"self":[{"href":"https:\/\/radiowebmx.com\/nota\/wp-json\/wp\/v2\/posts\/19652","targetHints":{"allow":["GET"]}}],"collection":[{"href":"https:\/\/radiowebmx.com\/nota\/wp-json\/wp\/v2\/posts"}],"about":[{"href":"https:\/\/radiowebmx.com\/nota\/wp-json\/wp\/v2\/types\/post"}],"author":[{"embeddable":true,"href":"https:\/\/radiowebmx.com\/nota\/wp-json\/wp\/v2\/users\/1"}],"replies":[{"embeddable":true,"href":"https:\/\/radiowebmx.com\/nota\/wp-json\/wp\/v2\/comments?post=19652"}],"version-history":[{"count":2,"href":"https:\/\/radiowebmx.com\/nota\/wp-json\/wp\/v2\/posts\/19652\/revisions"}],"predecessor-version":[{"id":19655,"href":"https:\/\/radiowebmx.com\/nota\/wp-json\/wp\/v2\/posts\/19652\/revisions\/19655"}],"wp:featuredmedia":[{"embeddable":true,"href":"https:\/\/radiowebmx.com\/nota\/wp-json\/wp\/v2\/media\/19653"}],"wp:attachment":[{"href":"https:\/\/radiowebmx.com\/nota\/wp-json\/wp\/v2\/media?parent=19652"}],"wp:term":[{"taxonomy":"category","embeddable":true,"href":"https:\/\/radiowebmx.com\/nota\/wp-json\/wp\/v2\/categories?post=19652"},{"taxonomy":"post_tag","embeddable":true,"href":"https:\/\/radiowebmx.com\/nota\/wp-json\/wp\/v2\/tags?post=19652"}],"curies":[{"name":"wp","href":"https:\/\/api.w.org\/{rel}","templated":true}]}}