{"id":19649,"date":"2015-11-18T10:39:51","date_gmt":"2015-11-18T16:39:51","guid":{"rendered":"https:\/\/radiowebmx.com\/nota\/?p=19649"},"modified":"2015-11-18T10:40:00","modified_gmt":"2015-11-18T16:40:00","slug":"israel-tentory-difunde-ejes-de-trabajo-para-el-campo-del-gobernador-aureoles","status":"publish","type":"post","link":"https:\/\/radiowebmx.com\/nota\/israel-tentory-difunde-ejes-de-trabajo-para-el-campo-del-gobernador-aureoles\/","title":{"rendered":"Israel Tentory difunde ejes de trabajo para el campo del Gobernador Aureoles"},"content":{"rendered":"<p><a href=\"https:\/\/radiowebmx.com\/nota\/wp-content\/uploads\/2015\/11\/4a6a775d-13a9-4ad8-9f2f-eddbe24c639c.jpg\"><img loading=\"lazy\" decoding=\"async\" class=\"alignleft size-full wp-image-19650\" src=\"https:\/\/radiowebmx.com\/nota\/wp-content\/uploads\/2015\/11\/4a6a775d-13a9-4ad8-9f2f-eddbe24c639c.jpg\" alt=\"4a6a775d-13a9-4ad8-9f2f-eddbe24c639c\" width=\"591\" height=\"338\" srcset=\"https:\/\/radiowebmx.com\/nota\/wp-content\/uploads\/2015\/11\/4a6a775d-13a9-4ad8-9f2f-eddbe24c639c.jpg 591w, https:\/\/radiowebmx.com\/nota\/wp-content\/uploads\/2015\/11\/4a6a775d-13a9-4ad8-9f2f-eddbe24c639c-300x172.jpg 300w, https:\/\/radiowebmx.com\/nota\/wp-content\/uploads\/2015\/11\/4a6a775d-13a9-4ad8-9f2f-eddbe24c639c-128x72.jpg 128w\" sizes=\"auto, (max-width: 591px) 100vw, 591px\" \/><\/a>El secretario de Desarrollo Rural y Agroalimentario (Sedrua), Israel Tentory Garc\u00eda, se reuni\u00f3 con la comitiva de la Integradora de Productores el Valle de Apatzing\u00e1n S.A. de C.V. (Inprodeva), con la finalidad de conocer las necesidades en materia agropecuaria de esta regi\u00f3n.<\/p>\n<p>Tentory Garc\u00eda asegur\u00f3 que el Gobernador de Michoac\u00e1n, Silvano Aureoles Conejo, tiene como prioridad sacar adelante a Michoac\u00e1n, y una de las tareas para lograrlo, es potenciar al campo michoacano.<\/p>\n<p>En ese sentido, el titular de la Sedrua explic\u00f3 a los productores las tres l\u00edneas de trabajo establecidas por el mandatario estatal; por un lado, la diversificaci\u00f3n de los cultivos, para que haya mayor capacidad de producci\u00f3n; el impulso a la inversi\u00f3n para la tecnificaci\u00f3n del riego, para el uso sustentable del agua; y la tercer vertiente, invertir para dar valor a agregado a la producci\u00f3n.<\/p>\n<p>Durante esta reuni\u00f3n, el Secretario de Desarrollo Rural y Agroalimentario realiz\u00f3 un recorrido por las instalaciones de la empacadora de Inprodeva, en que los productores le expusieron los proyectos que tienen a largo plazo y que requieren del apoyo del Gobierno del Estado; tambi\u00e9n manifestaron sus inquietudes y necesidades para la mejoras de este sector.<\/p>\n<p>Finalmente, el titular de la Sedrua asegur\u00f3 a los integrantes de la asociaci\u00f3n que tendr\u00e1n su respaldo para arrancar proyectos futuros.<\/p>\n","protected":false},"excerpt":{"rendered":"<p>El Sedrua, Israel Tentory Garc\u00eda, se reuni\u00f3 con la comitiva de la Inprodeva S.A. de C.V. , con la finalidad de conocer las necesidades en materia agropecuaria de esta regi\u00f3n.<\/p>\n","protected":false},"author":1,"featured_media":19650,"comment_status":"open","ping_status":"open","sticky":false,"template":"","format":"standard","meta":{"footnotes":""},"categories":[14,3],"tags":[],"class_list":["post-19649","post","type-post","status-publish","format-standard","has-post-thumbnail","hentry","category-destacadas","category-gobierno-del-estado-de-michoacan"],"_links":{"self":[{"href":"https:\/\/radiowebmx.com\/nota\/wp-json\/wp\/v2\/posts\/19649","targetHints":{"allow":["GET"]}}],"collection":[{"href":"https:\/\/radiowebmx.com\/nota\/wp-json\/wp\/v2\/posts"}],"about":[{"href":"https:\/\/radiowebmx.com\/nota\/wp-json\/wp\/v2\/types\/post"}],"author":[{"embeddable":true,"href":"https:\/\/radiowebmx.com\/nota\/wp-json\/wp\/v2\/users\/1"}],"replies":[{"embeddable":true,"href":"https:\/\/radiowebmx.com\/nota\/wp-json\/wp\/v2\/comments?post=19649"}],"version-history":[{"count":1,"href":"https:\/\/radiowebmx.com\/nota\/wp-json\/wp\/v2\/posts\/19649\/revisions"}],"predecessor-version":[{"id":19651,"href":"https:\/\/radiowebmx.com\/nota\/wp-json\/wp\/v2\/posts\/19649\/revisions\/19651"}],"wp:featuredmedia":[{"embeddable":true,"href":"https:\/\/radiowebmx.com\/nota\/wp-json\/wp\/v2\/media\/19650"}],"wp:attachment":[{"href":"https:\/\/radiowebmx.com\/nota\/wp-json\/wp\/v2\/media?parent=19649"}],"wp:term":[{"taxonomy":"category","embeddable":true,"href":"https:\/\/radiowebmx.com\/nota\/wp-json\/wp\/v2\/categories?post=19649"},{"taxonomy":"post_tag","embeddable":true,"href":"https:\/\/radiowebmx.com\/nota\/wp-json\/wp\/v2\/tags?post=19649"}],"curies":[{"name":"wp","href":"https:\/\/api.w.org\/{rel}","templated":true}]}}