{"id":19642,"date":"2015-11-18T10:24:58","date_gmt":"2015-11-18T16:24:58","guid":{"rendered":"https:\/\/radiowebmx.com\/nota\/?p=19642"},"modified":"2015-11-18T10:24:58","modified_gmt":"2015-11-18T16:24:58","slug":"la-nadadora-beatriz-resendiz-ganadora-del-premio-estatal-al-merito-deportivo","status":"publish","type":"post","link":"https:\/\/radiowebmx.com\/nota\/la-nadadora-beatriz-resendiz-ganadora-del-premio-estatal-al-merito-deportivo\/","title":{"rendered":"La nadadora Beatriz Res\u00e9ndiz, ganadora del Premio Estatal al M\u00e9rito Deportivo"},"content":{"rendered":"<p><a href=\"https:\/\/radiowebmx.com\/nota\/wp-content\/uploads\/2015\/11\/c88de70c-3337-45dc-8614-9a37e140c12b.jpg\"><img loading=\"lazy\" decoding=\"async\" class=\"alignleft size-full wp-image-19643\" src=\"https:\/\/radiowebmx.com\/nota\/wp-content\/uploads\/2015\/11\/c88de70c-3337-45dc-8614-9a37e140c12b.jpg\" alt=\"c88de70c-3337-45dc-8614-9a37e140c12b\" width=\"591\" height=\"249\" srcset=\"https:\/\/radiowebmx.com\/nota\/wp-content\/uploads\/2015\/11\/c88de70c-3337-45dc-8614-9a37e140c12b.jpg 591w, https:\/\/radiowebmx.com\/nota\/wp-content\/uploads\/2015\/11\/c88de70c-3337-45dc-8614-9a37e140c12b-300x126.jpg 300w\" sizes=\"auto, (max-width: 591px) 100vw, 591px\" \/><\/a>Gracias a sus logros internacionales en el \u00faltimo a\u00f1o deportivo, as\u00ed como a su destacada trayectoria, Beatriz Res\u00e9ndiz Garc\u00eda, nadadora especial, se hizo acreedora al Premio Estatal al M\u00e9rito Deportivo, m\u00e1ximo reconocimiento que otorga el Gobierno del Estado y el cual ser\u00e1 entregado el pr\u00f3ximo viernes 20 de noviembre por el titular del poder Ejecutivo, Silvano Aureoles Conejo.<\/p>\n<p>Despu\u00e9s de analizar las 10 propuestas recibidas en tiempo y forma, el jurado calificador, valor\u00f3 adem\u00e1s de la trayectoria, los logros deportivos del 1 de noviembre del 2014 al 20 de octubre del 2015, ya fuese a nivel estatal, nacional e internacional, tal como lo establece la convocatoria.<\/p>\n<p>Beatriz Res\u00e9ndiz, nadadora perteneciente a la Asociaci\u00f3n Michoacana de Deportistas Especiales, convenci\u00f3 al jurado, primero de determinar que el galard\u00f3n se entregara a una persona y que no se dividiera; posteriormente se analizaron los resultados de todas las propuestas y la sirena pur\u00e9pecha, fue elegida con dicha distinci\u00f3n.<\/p>\n<p>\u201cBety es una deportista muy destacada, y es la que consideramos con todo el jurado, que era la merecedora de este galard\u00f3n, porque aparte de ser una deportista en activo con resultados recientes para el estado y para el pa\u00eds, tambi\u00e9n tiene mucha proyecci\u00f3n, ya que de todas las propuestas, ella tiene posibilidades muy altas de estar en los Juegos Paral\u00edmpicos de R\u00edo de Janeiro 2016\u201d, explic\u00f3 la directora de la Comisi\u00f3n Estatal de Cultura F\u00edsica y Deporte (Cecufid), Edna D\u00edaz Acevedo.<\/p>\n<p>Beatriz Res\u00e9ndiz, es una deportista con discapacidad intelectual; naci\u00f3 en Morelia, Michoac\u00e1n y desde muy temprana edad empez\u00f3 a entrenar hasta convertirse en deportista de alto rendimiento a sus 27 a\u00f1os de edad.<\/p>\n<p>Entre sus logros m\u00e1s destacados en el \u00faltimo a\u00f1o deportivo, se encuentra la presea dorada en los 200 metros libres dentro de los Juegos Globales Mundiales 2015, celebrados en Guayaquil, Ecuador en septiembre pasado; adem\u00e1s conquist\u00f3 el campeonato en la misma prueba pero dentro de los Juegos Parapanamericanos de Toronto 2015.<\/p>\n","protected":false},"excerpt":{"rendered":"<p>Gracias a sus logros internacionales en el \u00faltimo a\u00f1o deportivo, as\u00ed como a su destacada trayectoria, Beatriz Res\u00e9ndiz Garc\u00eda, nadadora especial, se hizo acreedora al Premio Estatal al M\u00e9rito Deportivo, <\/p>\n","protected":false},"author":1,"featured_media":19643,"comment_status":"open","ping_status":"open","sticky":false,"template":"","format":"standard","meta":{"footnotes":""},"categories":[14,3],"tags":[],"class_list":["post-19642","post","type-post","status-publish","format-standard","has-post-thumbnail","hentry","category-destacadas","category-gobierno-del-estado-de-michoacan"],"_links":{"self":[{"href":"https:\/\/radiowebmx.com\/nota\/wp-json\/wp\/v2\/posts\/19642","targetHints":{"allow":["GET"]}}],"collection":[{"href":"https:\/\/radiowebmx.com\/nota\/wp-json\/wp\/v2\/posts"}],"about":[{"href":"https:\/\/radiowebmx.com\/nota\/wp-json\/wp\/v2\/types\/post"}],"author":[{"embeddable":true,"href":"https:\/\/radiowebmx.com\/nota\/wp-json\/wp\/v2\/users\/1"}],"replies":[{"embeddable":true,"href":"https:\/\/radiowebmx.com\/nota\/wp-json\/wp\/v2\/comments?post=19642"}],"version-history":[{"count":1,"href":"https:\/\/radiowebmx.com\/nota\/wp-json\/wp\/v2\/posts\/19642\/revisions"}],"predecessor-version":[{"id":19644,"href":"https:\/\/radiowebmx.com\/nota\/wp-json\/wp\/v2\/posts\/19642\/revisions\/19644"}],"wp:featuredmedia":[{"embeddable":true,"href":"https:\/\/radiowebmx.com\/nota\/wp-json\/wp\/v2\/media\/19643"}],"wp:attachment":[{"href":"https:\/\/radiowebmx.com\/nota\/wp-json\/wp\/v2\/media?parent=19642"}],"wp:term":[{"taxonomy":"category","embeddable":true,"href":"https:\/\/radiowebmx.com\/nota\/wp-json\/wp\/v2\/categories?post=19642"},{"taxonomy":"post_tag","embeddable":true,"href":"https:\/\/radiowebmx.com\/nota\/wp-json\/wp\/v2\/tags?post=19642"}],"curies":[{"name":"wp","href":"https:\/\/api.w.org\/{rel}","templated":true}]}}