{"id":19639,"date":"2015-11-18T10:18:53","date_gmt":"2015-11-18T16:18:53","guid":{"rendered":"https:\/\/radiowebmx.com\/nota\/?p=19639"},"modified":"2015-11-18T10:18:53","modified_gmt":"2015-11-18T16:18:53","slug":"la-escuela-publica-me-hizo-gobernador-de-michoacan-silvano-aureoles","status":"publish","type":"post","link":"https:\/\/radiowebmx.com\/nota\/la-escuela-publica-me-hizo-gobernador-de-michoacan-silvano-aureoles\/","title":{"rendered":"La escuela p\u00fablica me hizo Gobernador de Michoac\u00e1n: Silvano Aureoles"},"content":{"rendered":"<p><a href=\"https:\/\/radiowebmx.com\/nota\/wp-content\/uploads\/2015\/11\/a7a72beb-0c55-48d7-9936-8acaefbfa6e5.jpg\"><img loading=\"lazy\" decoding=\"async\" class=\"alignleft size-full wp-image-19640\" src=\"https:\/\/radiowebmx.com\/nota\/wp-content\/uploads\/2015\/11\/a7a72beb-0c55-48d7-9936-8acaefbfa6e5.jpg\" alt=\"a7a72beb-0c55-48d7-9936-8acaefbfa6e5\" width=\"591\" height=\"353\" srcset=\"https:\/\/radiowebmx.com\/nota\/wp-content\/uploads\/2015\/11\/a7a72beb-0c55-48d7-9936-8acaefbfa6e5.jpg 591w, https:\/\/radiowebmx.com\/nota\/wp-content\/uploads\/2015\/11\/a7a72beb-0c55-48d7-9936-8acaefbfa6e5-300x179.jpg 300w\" sizes=\"auto, (max-width: 591px) 100vw, 591px\" \/><\/a>Al anunciar la puesta en marcha de tres l\u00edneas de trabajo para potencializar el campo michoacano, en el marco de los festejos del 59 aniversario de la fundaci\u00f3n del Ejido de Llanos de Ant\u00fanez, el Gobernador del Estado, Silvano Aureoles Conejo, afirm\u00f3 tambi\u00e9n que es un aliado de la educaci\u00f3n, por lo que hizo un llamado a las maestras y maestros a cerrar filas para garantizarle a la infancia y juventud michoacanas una educaci\u00f3n de calidad.<\/p>\n<p>El titular del Poder Ejecutivo encabez\u00f3 el acto c\u00edvico, y se convirti\u00f3 en el primer gobernador en desfilar junto a las autoridades y alumnos de los diversos niveles educativos para recordar los inicios del Ejido fundado por el ex presidente de la Rep\u00fablica, L\u00e1zaro C\u00e1rdenas del R\u00edo, a quien Silvano Aureoles se refiri\u00f3 como uno de los mejores gobernantes del pa\u00eds.<\/p>\n<p>Las festividades permitieron tambi\u00e9n el arranque de las Caravanas de Servicios Integrales #CercaDeTi en Ant\u00fanez, que constan de apoyos integrales para la atenci\u00f3n de la poblaci\u00f3n y se suman a la serie de gestiones que se han logrado para la entidad, como ha sido el convenio signado con la Federaci\u00f3n por cerca de 2 mil millones de pesos que permitir\u00e1n en lo inmediato, iniciar la reconstrucci\u00f3n de infraestructura educativa, ya que la ni\u00f1ez merece contar con instalaciones dignas, subray\u00f3 el mandatario.<\/p>\n<p>Aureoles Conejo insisti\u00f3 en la importancia de que profesores, sociedad y gobierno trabajen en torno a mejorar las condiciones del estado, \u201csoy aliado de la educaci\u00f3n, porque vengo de una condici\u00f3n de pobreza extrema, hijo de madre soltera,\u00a0 de un municipio de muy alta marginaci\u00f3n, aprend\u00ed a leer tarde por\u00a0 las dificultades y las distancias, pero gracias a la escuela p\u00fablica hoy soy el Gobernador de Michoac\u00e1n, por eso vamos a cuidar la educaci\u00f3n, nadie tiene derecho a condenar a nuestras hijas e hijos a tener mala educaci\u00f3n\u201d.<\/p>\n<p>En este sentido invit\u00f3 a las y los maestros a inscribirse en el proceso de evaluaci\u00f3n, mismo que se llevar\u00e1 a cabo el pr\u00f3ximo domingo.<\/p>\n<p>Luego de felicitar a las autoridades y a los habitantes del Ejido de Ant\u00fanez por su aniversario y reconocer su esfuerzo, el mandatario, afirm\u00f3 que un eje prioritario de su administraci\u00f3n es el campo, por lo que anunci\u00f3 que para sacarlo adelante se trabajar\u00e1 desde tres frentes, por un lado diversificar los cultivos, para que haya mayor capacidad de producci\u00f3n; se impulsar\u00e1 la inversi\u00f3n para la tecnificaci\u00f3n del riego para el buen uso del agua; y la tercer vertiente,\u00a0 invertir para darle valor a agregado a la producci\u00f3n.<\/p>\n<p>\u201cVamos a generar empleo y oportunidades y vamos a aprovechar todo el potencial que tiene nuestra tierra y nuestra regi\u00f3n, el campo es nuestro principal reto para generar oportunidades para todas y para todos. En tiempos dif\u00edciles el campo nos ha mantenido de pie\u201d, enfatiz\u00f3.<\/p>\n<p>El Gobernador se\u00f1al\u00f3 que se fortalecer\u00e1n los programas sociales, y por ello, han iniciado las Caravanas de Servicios Integrales #CercaDeTi, con el objetivo de recorrer la geograf\u00eda michoacana, y acercar los beneficios que la administraci\u00f3n tiene para la ciudadan\u00eda.<\/p>\n<p>Ah\u00ed reafirm\u00f3 que ha instruido a la Secretar\u00eda de Salud para que no falte medicamento, ni personal m\u00e9dico en los hospitales y Centros de Salud de la entidad, y para que haya atenci\u00f3n los siete d\u00edas de la semana las 24 horas. De igual forma, adelant\u00f3 que en enero iniciar\u00e1n una serie de programas dirigidos a las y los adultos mayores, a madres solteras y apoyos de cr\u00e9dito a la palabra, entre otros.<\/p>\n<p>Por su parte, el alcalde de Par\u00e1cuaro, No\u00e9 Zamora Zamora, agradeci\u00f3 la presencia del Gobernador Silvano Aureoles, a quien reconoci\u00f3 su capacidad de gesti\u00f3n en beneficio de Michoac\u00e1n, manifest\u00f3 el inter\u00e9s de trabajar de cerca con el Estado para generar mejores condiciones para la poblaci\u00f3n de su demarcaci\u00f3n, al tiempo que solicit\u00f3 acciones para apuntalar la vocaci\u00f3n agr\u00edcola de la regi\u00f3n.<\/p>\n<p>El director del Registro Civil, Hugo Gama Coria, coment\u00f3 que las Caravanas #CercaDeTi,\u00a0 son una pol\u00edtica p\u00fablica integral en la que de manera transversal las dependencias prestan sus servicios en las comunidades teniendo un contacto directo con la poblaci\u00f3n.<\/p>\n<p>Destac\u00f3 la participaci\u00f3n del Sistema DIF estatal, de las Secretar\u00edas de Salud (SSM), de Pol\u00edtica Social (Sepsol) y de la Mujer (Semujer), as\u00ed como de la Coordinaci\u00f3n de Atenci\u00f3n Ciudadana y de la instancia a su cargo.<\/p>\n<p>Luego de inaugurar la Caravana de Servicios Integrales #CercaDeTi, el Gobernador presenci\u00f3 el acto c\u00edvico y particip\u00f3 en el desfile para conmemorar el 59 aniversario del Ejido de Ant\u00fanez; cabe se\u00f1alar que se hizo entrega de materiales para la ampliaci\u00f3n de vivienda a un total de 25 beneficiarios\/as de las comunidades del Caulote, La Batea, y de Ant\u00fanez.<\/p>\n<p>De esta manera, el mandatario estatal fue part\u00edcipe de las fiestas m\u00e1s importantes de la tenencia de Ant\u00fanez, municipio de Par\u00e1cuaro, donde cientos de familias convivieron en un ambiente de paz y tranquilidad.<\/p>\n<p>Durante el evento tambi\u00e9n estuvieron presentes el Coronel de Infanter\u00eda, Leopoldo Tizoc Aguilar Dur\u00e1n, comandante del 30 Batall\u00f3n de Infanter\u00eda de Apatzing\u00e1n; la directora general del Sistema DIF estatal, Roc\u00edo Beamonte Romero; el secretario de Desarrollo Rural y Agroalimentario, Israel Tentory Garc\u00eda; las titulares de la Semujer y de la Sepsol, Fabiola Alan\u00eds S\u00e1mano y Miriam Tinoco Soto, respectivamente.<\/p>\n<p>Tambi\u00e9n asistieron los diputados locales, Pascual Sigala P\u00e1ez; Raymundo Arreola Ortega y Sergio Ochoa V\u00e1zquez; as\u00ed como Epitacio Lozano Figueroa, presidente del Comisariado Ejidal de Ant\u00fanez, integrantes del Cabildo de Par\u00e1cuaro y autoridades comunales.<\/p>\n","protected":false},"excerpt":{"rendered":"<p>Al anunciar la puesta en marcha de tres l\u00edneas de trabajo para potencializar el campo michoacano, en el marco de los festejos del 59 aniversario de la fundaci\u00f3n del Ejido de Llanos de Ant\u00fanez, el Gobernador del Estado, Silvano Aureoles Conejo, <\/p>\n","protected":false},"author":1,"featured_media":19640,"comment_status":"open","ping_status":"open","sticky":false,"template":"","format":"standard","meta":{"footnotes":""},"categories":[14,3],"tags":[],"class_list":["post-19639","post","type-post","status-publish","format-standard","has-post-thumbnail","hentry","category-destacadas","category-gobierno-del-estado-de-michoacan"],"_links":{"self":[{"href":"https:\/\/radiowebmx.com\/nota\/wp-json\/wp\/v2\/posts\/19639","targetHints":{"allow":["GET"]}}],"collection":[{"href":"https:\/\/radiowebmx.com\/nota\/wp-json\/wp\/v2\/posts"}],"about":[{"href":"https:\/\/radiowebmx.com\/nota\/wp-json\/wp\/v2\/types\/post"}],"author":[{"embeddable":true,"href":"https:\/\/radiowebmx.com\/nota\/wp-json\/wp\/v2\/users\/1"}],"replies":[{"embeddable":true,"href":"https:\/\/radiowebmx.com\/nota\/wp-json\/wp\/v2\/comments?post=19639"}],"version-history":[{"count":1,"href":"https:\/\/radiowebmx.com\/nota\/wp-json\/wp\/v2\/posts\/19639\/revisions"}],"predecessor-version":[{"id":19641,"href":"https:\/\/radiowebmx.com\/nota\/wp-json\/wp\/v2\/posts\/19639\/revisions\/19641"}],"wp:featuredmedia":[{"embeddable":true,"href":"https:\/\/radiowebmx.com\/nota\/wp-json\/wp\/v2\/media\/19640"}],"wp:attachment":[{"href":"https:\/\/radiowebmx.com\/nota\/wp-json\/wp\/v2\/media?parent=19639"}],"wp:term":[{"taxonomy":"category","embeddable":true,"href":"https:\/\/radiowebmx.com\/nota\/wp-json\/wp\/v2\/categories?post=19639"},{"taxonomy":"post_tag","embeddable":true,"href":"https:\/\/radiowebmx.com\/nota\/wp-json\/wp\/v2\/tags?post=19639"}],"curies":[{"name":"wp","href":"https:\/\/api.w.org\/{rel}","templated":true}]}}