{"id":19624,"date":"2015-11-13T17:17:01","date_gmt":"2015-11-13T23:17:01","guid":{"rendered":"https:\/\/radiowebmx.com\/nota\/?p=19624"},"modified":"2015-11-13T17:17:01","modified_gmt":"2015-11-13T23:17:01","slug":"se-reunen-regidores-con-titular-de-la-cedh","status":"publish","type":"post","link":"https:\/\/radiowebmx.com\/nota\/se-reunen-regidores-con-titular-de-la-cedh\/","title":{"rendered":"Se re\u00fanen regidores con titular de la CEDH"},"content":{"rendered":"<p><a href=\"https:\/\/radiowebmx.com\/nota\/wp-content\/uploads\/2015\/11\/38aaae35-aaea-4f2a-8c57-f4be6d305463.jpg\"><img loading=\"lazy\" decoding=\"async\" class=\"alignleft size-full wp-image-19625\" src=\"https:\/\/radiowebmx.com\/nota\/wp-content\/uploads\/2015\/11\/38aaae35-aaea-4f2a-8c57-f4be6d305463.jpg\" alt=\"38aaae35-aaea-4f2a-8c57-f4be6d305463\" width=\"591\" height=\"346\" srcset=\"https:\/\/radiowebmx.com\/nota\/wp-content\/uploads\/2015\/11\/38aaae35-aaea-4f2a-8c57-f4be6d305463.jpg 591w, https:\/\/radiowebmx.com\/nota\/wp-content\/uploads\/2015\/11\/38aaae35-aaea-4f2a-8c57-f4be6d305463-300x176.jpg 300w\" sizes=\"auto, (max-width: 591px) 100vw, 591px\" \/><\/a>El Ayuntamiento de Morelia fomenta la capacitaci\u00f3n en materia de derechos humanos, de manera que sus acciones sean en apego irrestricto al respeto de las garant\u00edas de los ciudadanos.<\/p>\n<p>Integrantes de la Comisi\u00f3n Especial de Atenci\u00f3n a Grupos Vulnerables, presidida por la regidora Claudia Leticia L\u00e1zaro Medina, se reunieron con el presidente de la Comisi\u00f3n Estatal de Derechos Humanos (CEDH), Jos\u00e9 Mar\u00eda C\u00e1zares Sol\u00f3rzano, a quien se le hizo entrega del plan de trabajo de la comisi\u00f3n para su revisi\u00f3n, an\u00e1lisis y recomendaciones al respecto.<\/p>\n<p>C\u00e1zares Sol\u00f3rzano, reunido con los regidores, Benjam\u00edn Farf\u00e1n Reyes, Alma Bahena Villalobos, Mar\u00eda Elisa Garrido P\u00e9rez, Jorge Luis Tinoco Ortiz y Claudia L\u00e1zaro Medina, se comprometi\u00f3 a examinar \u00a0el documento y a compartir su punto de vista desde el trabajo que realiza en el organismo descentralizado, el cual, afirm\u00f3, busca el beneficio de la sociedad sin obstruir la labor \u00a0de las instituciones.<\/p>\n<p>Los integrantes de Cabildo le solicitaron al Ombudsman estatal intercambiar informaci\u00f3n para conocer las quejas m\u00e1s frecuentes competentes al municipio, con la finalidad de corregir las acciones que puedan causar un perjuicio a la poblaci\u00f3n y atenderlas en la presente administraci\u00f3n p\u00fablica.<\/p>\n<p>Otro de los puntos a tratar de la Comisi\u00f3n fue la visita del deportista especial, Jorge Hurtado Y\u00e9pez, el cual expuso las necesidades del sector de la poblaci\u00f3n que representa; en respuesta, los regidores coincidieron en trabajar a favor de una cultura de inclusi\u00f3n en donde todos los ciudadanos tengan las mismas oportunidades de desarrollo.<\/p>\n","protected":false},"excerpt":{"rendered":"<p>El Ayuntamiento de Morelia fomenta la capacitaci\u00f3n en materia de derechos humanos, de manera que sus acciones sean en apego irrestricto al respeto de las garant\u00edas de los ciudadanos.<\/p>\n","protected":false},"author":1,"featured_media":19625,"comment_status":"open","ping_status":"open","sticky":false,"template":"","format":"standard","meta":{"footnotes":""},"categories":[14,9],"tags":[],"class_list":["post-19624","post","type-post","status-publish","format-standard","has-post-thumbnail","hentry","category-destacadas","category-morelia"],"_links":{"self":[{"href":"https:\/\/radiowebmx.com\/nota\/wp-json\/wp\/v2\/posts\/19624","targetHints":{"allow":["GET"]}}],"collection":[{"href":"https:\/\/radiowebmx.com\/nota\/wp-json\/wp\/v2\/posts"}],"about":[{"href":"https:\/\/radiowebmx.com\/nota\/wp-json\/wp\/v2\/types\/post"}],"author":[{"embeddable":true,"href":"https:\/\/radiowebmx.com\/nota\/wp-json\/wp\/v2\/users\/1"}],"replies":[{"embeddable":true,"href":"https:\/\/radiowebmx.com\/nota\/wp-json\/wp\/v2\/comments?post=19624"}],"version-history":[{"count":1,"href":"https:\/\/radiowebmx.com\/nota\/wp-json\/wp\/v2\/posts\/19624\/revisions"}],"predecessor-version":[{"id":19626,"href":"https:\/\/radiowebmx.com\/nota\/wp-json\/wp\/v2\/posts\/19624\/revisions\/19626"}],"wp:featuredmedia":[{"embeddable":true,"href":"https:\/\/radiowebmx.com\/nota\/wp-json\/wp\/v2\/media\/19625"}],"wp:attachment":[{"href":"https:\/\/radiowebmx.com\/nota\/wp-json\/wp\/v2\/media?parent=19624"}],"wp:term":[{"taxonomy":"category","embeddable":true,"href":"https:\/\/radiowebmx.com\/nota\/wp-json\/wp\/v2\/categories?post=19624"},{"taxonomy":"post_tag","embeddable":true,"href":"https:\/\/radiowebmx.com\/nota\/wp-json\/wp\/v2\/tags?post=19624"}],"curies":[{"name":"wp","href":"https:\/\/api.w.org\/{rel}","templated":true}]}}