{"id":19621,"date":"2015-11-13T15:58:28","date_gmt":"2015-11-13T21:58:28","guid":{"rendered":"https:\/\/radiowebmx.com\/nota\/?p=19621"},"modified":"2015-11-13T15:58:28","modified_gmt":"2015-11-13T21:58:28","slug":"edificacion-de-juzgados-de-oralidad-y-salas-tradicionales-en-lazaro-cardenas-presenta-un-avance-del-30","status":"publish","type":"post","link":"https:\/\/radiowebmx.com\/nota\/edificacion-de-juzgados-de-oralidad-y-salas-tradicionales-en-lazaro-cardenas-presenta-un-avance-del-30\/","title":{"rendered":"Edificaci\u00f3n de juzgados de oralidad y salas tradicionales en L\u00e1zaro C\u00e1rdenas presenta un avance del 30%"},"content":{"rendered":"<p><a href=\"https:\/\/radiowebmx.com\/nota\/wp-content\/uploads\/2015\/11\/1b2.jpg\"><img loading=\"lazy\" decoding=\"async\" class=\"alignleft size-full wp-image-19622\" src=\"https:\/\/radiowebmx.com\/nota\/wp-content\/uploads\/2015\/11\/1b2.jpg\" alt=\"1b\" width=\"600\" height=\"349\" srcset=\"https:\/\/radiowebmx.com\/nota\/wp-content\/uploads\/2015\/11\/1b2.jpg 600w, https:\/\/radiowebmx.com\/nota\/wp-content\/uploads\/2015\/11\/1b2-300x175.jpg 300w\" sizes=\"auto, (max-width: 600px) 100vw, 600px\" \/><\/a>Ante la entrada en vigor del nuevo sistema de justicia penal en la regi\u00f3n de L\u00e1zaro C\u00e1rdenas el pr\u00f3ximo 9 de mayo de 2016 y en donde se contempla una nueva forma de impartir justicia basada en la oralidad, el Poder Judicial de Michoac\u00e1n lleva a cabo la construcci\u00f3n de salas de oralidad y juzgados tradicionales en esa regi\u00f3n.<\/p>\n<p>&nbsp;<\/p>\n<p>Juan Antonio Maga\u00f1a de la Mora, presidente del Supremo Tribunal de Justicia y del Consejo del Poder Judicial de Michoac\u00e1n, y el secretario de obras p\u00fablicas del estado Jos\u00e9 Juan Dom\u00ednguez L\u00f3pez, realizaron un recorrido para supervisar la edificaci\u00f3n, que presenta un avance del 30% en su primera etapa.<\/p>\n<p>&nbsp;<\/p>\n<p>Se trata de una superficie de m\u00e1s de 3 mil 500 metros cuadrados de construcci\u00f3n que contar\u00e1 con dos salas de oralidad; espacio de deliberaci\u00f3n, de testigo protegido y de atenci\u00f3n psicol\u00f3gica; c\u00e1mara de Gesell; sal\u00f3n de usos m\u00faltiples; juzgados tradicionales; oficinas administrativas y de jueces; guarder\u00eda y estacionamiento; as\u00ed como 3 mil metros cuadrados de \u00e1reas verdes.<\/p>\n<p>&nbsp;<\/p>\n<p>Cabe se\u00f1alar que se edifica en una antigua plaza de toros en donde se instalar\u00e1n seis bloques que convergen al n\u00facleo de la arena, mismo que contendr\u00e1 un cuerpo de agua; adem\u00e1s se mantendr\u00e1n las gradas originales como espacio de uso com\u00fan para los visitantes.<\/p>\n<p>&nbsp;<\/p>\n<p>El Poder Judicial de Michoac\u00e1n lleva a cabo esfuerzos para la construcci\u00f3n y adecuaci\u00f3n de espacios para la operaci\u00f3n del nuevo sistema de\u00a0 justicia penal en las seis regiones en que ha sido dividido el estado para su implementaci\u00f3n: Morelia, Zit\u00e1cuaro, Uruapan, Zamora, L\u00e1zaro C\u00e1rdenas y Apatzing\u00e1n.<\/p>\n","protected":false},"excerpt":{"rendered":"<p>Ante la entrada en vigor del nuevo sistema de justicia penal en la regi\u00f3n de L\u00e1zaro C\u00e1rdenas el pr\u00f3ximo 9 de mayo de 2016 y en donde se contempla una nueva forma de impartir justicia basada en la oralidad, <\/p>\n","protected":false},"author":1,"featured_media":19622,"comment_status":"open","ping_status":"open","sticky":false,"template":"","format":"standard","meta":{"footnotes":""},"categories":[14,3],"tags":[],"class_list":["post-19621","post","type-post","status-publish","format-standard","has-post-thumbnail","hentry","category-destacadas","category-gobierno-del-estado-de-michoacan"],"_links":{"self":[{"href":"https:\/\/radiowebmx.com\/nota\/wp-json\/wp\/v2\/posts\/19621","targetHints":{"allow":["GET"]}}],"collection":[{"href":"https:\/\/radiowebmx.com\/nota\/wp-json\/wp\/v2\/posts"}],"about":[{"href":"https:\/\/radiowebmx.com\/nota\/wp-json\/wp\/v2\/types\/post"}],"author":[{"embeddable":true,"href":"https:\/\/radiowebmx.com\/nota\/wp-json\/wp\/v2\/users\/1"}],"replies":[{"embeddable":true,"href":"https:\/\/radiowebmx.com\/nota\/wp-json\/wp\/v2\/comments?post=19621"}],"version-history":[{"count":1,"href":"https:\/\/radiowebmx.com\/nota\/wp-json\/wp\/v2\/posts\/19621\/revisions"}],"predecessor-version":[{"id":19623,"href":"https:\/\/radiowebmx.com\/nota\/wp-json\/wp\/v2\/posts\/19621\/revisions\/19623"}],"wp:featuredmedia":[{"embeddable":true,"href":"https:\/\/radiowebmx.com\/nota\/wp-json\/wp\/v2\/media\/19622"}],"wp:attachment":[{"href":"https:\/\/radiowebmx.com\/nota\/wp-json\/wp\/v2\/media?parent=19621"}],"wp:term":[{"taxonomy":"category","embeddable":true,"href":"https:\/\/radiowebmx.com\/nota\/wp-json\/wp\/v2\/categories?post=19621"},{"taxonomy":"post_tag","embeddable":true,"href":"https:\/\/radiowebmx.com\/nota\/wp-json\/wp\/v2\/tags?post=19621"}],"curies":[{"name":"wp","href":"https:\/\/api.w.org\/{rel}","templated":true}]}}