{"id":19618,"date":"2015-11-13T15:54:04","date_gmt":"2015-11-13T21:54:04","guid":{"rendered":"https:\/\/radiowebmx.com\/nota\/?p=19618"},"modified":"2015-11-13T15:54:04","modified_gmt":"2015-11-13T21:54:04","slug":"cecufid-activa-a-9-mil-michoacanos-en-el-marco-del-dia-mundial-contra-la-obesidad","status":"publish","type":"post","link":"https:\/\/radiowebmx.com\/nota\/cecufid-activa-a-9-mil-michoacanos-en-el-marco-del-dia-mundial-contra-la-obesidad\/","title":{"rendered":"Cecufid activa a 9 mil michoacanos en el marco del D\u00eda Mundial contra la Obesidad"},"content":{"rendered":"<p><a href=\"https:\/\/radiowebmx.com\/nota\/wp-content\/uploads\/2015\/11\/c3efb210-be23-46a2-83fd-b805354e95d2.jpg\"><img loading=\"lazy\" decoding=\"async\" class=\"alignleft size-full wp-image-19619\" src=\"https:\/\/radiowebmx.com\/nota\/wp-content\/uploads\/2015\/11\/c3efb210-be23-46a2-83fd-b805354e95d2.jpg\" alt=\"c3efb210-be23-46a2-83fd-b805354e95d2\" width=\"591\" height=\"288\" srcset=\"https:\/\/radiowebmx.com\/nota\/wp-content\/uploads\/2015\/11\/c3efb210-be23-46a2-83fd-b805354e95d2.jpg 591w, https:\/\/radiowebmx.com\/nota\/wp-content\/uploads\/2015\/11\/c3efb210-be23-46a2-83fd-b805354e95d2-300x146.jpg 300w\" sizes=\"auto, (max-width: 591px) 100vw, 591px\" \/><\/a>Como parte del Programa Federal Mu\u00e9vete en 30 implementado por la Comisi\u00f3n Nacional de Cultura F\u00edsica y Deporte (Conade) y en el marco del D\u00eda Internacional contra la Obesidad, el Gobierno de Michoac\u00e1n a trav\u00e9s de la Comisi\u00f3n Estatal de Cultura F\u00edsica y Deporte (Cecufid), activ\u00f3 a miles de personas en 20 municipios.<\/p>\n<p>De acuerdo a la Organizaci\u00f3n Mundial de la Salud (OMS), el 60 por ciento de toda la poblaci\u00f3n en el planeta no realiza la actividad necesaria para mantener su cuerpo en condiciones aceptables. En M\u00e9xico m\u00e1s del 90 por ciento de la poblaci\u00f3n padece problemas de obesidad y sobrepeso; de ah\u00ed la importancia del programa Mu\u00e9vete en 30, que busca hacer frente a este problema de salud p\u00fablica.<\/p>\n<p>Este programa ya comenz\u00f3 desde el mes anterior en la escuelas, pero otro de sus lineamientos denominado &#8220;Zona 30 M&#8221;, y el cual se aplic\u00f3 esta ma\u00f1ana, consiste en impulsar el aprovechamiento y uso de espacios p\u00fablicos en la comunidad para la pr\u00e1ctica de actividades f\u00edsicas, a trav\u00e9s de la Red Nacional de Promotores de Actividad F\u00edsica, y de igual manera en este concepto, entran los centros penitenciarios del pa\u00eds.<\/p>\n<p>De tal manera que la Comisi\u00f3n Estatal de Cultura F\u00edsica y Deporte, dirigida por Edna D\u00edaz Acevedo, activ\u00f3 a miles de michoacanos en 20 diferentes municipios; en el caso de Morelia, se realiz\u00f3 en la explanada del Jard\u00edn Morelos; posteriormente el grupo de instructores de la Cecufid, se traslad\u00f3 al\u00a0 Centro de Readaptaci\u00f3n Social &#8220;David Franco Rodr\u00edguez&#8221;, adem\u00e1s del Centro de Alta Seguridad para Delitos de Alto Impacto; ambos ubicados en Mil Cumbres.<\/p>\n<p>A la par, este programa se aplic\u00f3 en municipios como L\u00e1zaro C\u00e1rdenas, Uruapan, Tar\u00edmbaro, Chilchota, Nueva Italia, Apatzing\u00e1n, por citar a algunos, por lo que en promedio, 9 mil michoacanos se activaron en esta jornada marat\u00f3nica.<\/p>\n","protected":false},"excerpt":{"rendered":"<p>Como parte del Programa Federal Mu\u00e9vete en 30 implementado por la Conade y en el marco del D\u00eda Internacional contra la Obesidad, el Gobierno de Michoac\u00e1n a trav\u00e9s de la Cecufid, activ\u00f3 a miles de personas en 20 municipios.<\/p>\n","protected":false},"author":1,"featured_media":19619,"comment_status":"open","ping_status":"open","sticky":false,"template":"","format":"standard","meta":{"footnotes":""},"categories":[14,3],"tags":[],"class_list":["post-19618","post","type-post","status-publish","format-standard","has-post-thumbnail","hentry","category-destacadas","category-gobierno-del-estado-de-michoacan"],"_links":{"self":[{"href":"https:\/\/radiowebmx.com\/nota\/wp-json\/wp\/v2\/posts\/19618","targetHints":{"allow":["GET"]}}],"collection":[{"href":"https:\/\/radiowebmx.com\/nota\/wp-json\/wp\/v2\/posts"}],"about":[{"href":"https:\/\/radiowebmx.com\/nota\/wp-json\/wp\/v2\/types\/post"}],"author":[{"embeddable":true,"href":"https:\/\/radiowebmx.com\/nota\/wp-json\/wp\/v2\/users\/1"}],"replies":[{"embeddable":true,"href":"https:\/\/radiowebmx.com\/nota\/wp-json\/wp\/v2\/comments?post=19618"}],"version-history":[{"count":1,"href":"https:\/\/radiowebmx.com\/nota\/wp-json\/wp\/v2\/posts\/19618\/revisions"}],"predecessor-version":[{"id":19620,"href":"https:\/\/radiowebmx.com\/nota\/wp-json\/wp\/v2\/posts\/19618\/revisions\/19620"}],"wp:featuredmedia":[{"embeddable":true,"href":"https:\/\/radiowebmx.com\/nota\/wp-json\/wp\/v2\/media\/19619"}],"wp:attachment":[{"href":"https:\/\/radiowebmx.com\/nota\/wp-json\/wp\/v2\/media?parent=19618"}],"wp:term":[{"taxonomy":"category","embeddable":true,"href":"https:\/\/radiowebmx.com\/nota\/wp-json\/wp\/v2\/categories?post=19618"},{"taxonomy":"post_tag","embeddable":true,"href":"https:\/\/radiowebmx.com\/nota\/wp-json\/wp\/v2\/tags?post=19618"}],"curies":[{"name":"wp","href":"https:\/\/api.w.org\/{rel}","templated":true}]}}