{"id":19588,"date":"2015-11-12T12:06:08","date_gmt":"2015-11-12T18:06:08","guid":{"rendered":"https:\/\/radiowebmx.com\/nota\/?p=19588"},"modified":"2015-11-12T12:06:08","modified_gmt":"2015-11-12T18:06:08","slug":"registra-alcalde-alfonso-martinez-proyectos-ante-el-congreso-de-la-union-por-mil-800-millones-de-pesos","status":"publish","type":"post","link":"https:\/\/radiowebmx.com\/nota\/registra-alcalde-alfonso-martinez-proyectos-ante-el-congreso-de-la-union-por-mil-800-millones-de-pesos\/","title":{"rendered":"Registra Alcalde Alfonso Mart\u00ednez proyectos ante el Congreso de la Uni\u00f3n por mil 800 millones de pesos"},"content":{"rendered":"<p>El Presidente Municipal de Morelia, Alfonso Mart\u00ednez Alc\u00e1zar, reforz\u00f3 las gestiones ante el Congreso de la Uni\u00f3n, a fin de que sean asignados m\u00e1s recursos para la implementaci\u00f3n de obras estrat\u00e9gicas en el municipio en beneficio de las familias morelianas y de los industriales que ya est\u00e1n consolidados en la capital, y que requieren certeza para trabajar.<\/p>\n<p>El Alcalde inform\u00f3 que en el \u00e1nimo de impulsar planes de gran trascendencia para la capital del estado, que se traduzcan en la generaci\u00f3n de desarrollo, este jueves registr\u00f3 proyectos por el orden de mil 800 millones de pesos ante los legisladores federales.<\/p>\n<p>Se trata, destac\u00f3, de proyectos que tienen un importante impacto social y que redundar\u00e1n inminentemente en m\u00e1s y mejores servicios, tales como obras en materia de infraestructura, alumbrado p\u00fablico, mejoramiento de vialidades, pavimentaciones, programas de desarrollo econ\u00f3mico, proyectos tur\u00edsticos, culturales, deportivos, saneamiento de aguas.<\/p>\n<p>A poco m\u00e1s de dos meses del inicio de la actual Administraci\u00f3n, \u00a0el Presidente Municipal sostuvo nuevamente reuniones con senadores y diputados federales de diferente extracci\u00f3n partidista, a quienes expuso la necesidad de inyectar m\u00e1s recursos para la capital de Michoac\u00e1n.<\/p>\n<p>Mart\u00ednez Alc\u00e1zar refiri\u00f3 que adem\u00e1s de consolidar nuevas inversiones para el municipio, se busca terminar proyectos inconclusos en el presente ejercicio fiscal as\u00ed como los considerados dentro del programa operativo anual del presente a\u00f1o que dependen de la solvencia presupuestal para consolidarse.<\/p>\n","protected":false},"excerpt":{"rendered":"<p>El Presidente Municipal de Morelia, AMA, reforz\u00f3 las gestiones ante el Congreso de la Uni\u00f3n, a fin de que sean asignados m\u00e1s recursos para la implementaci\u00f3n de obras estrat\u00e9gicas en el municipio en beneficio de las familias morelianas y de los industriales que ya est\u00e1n consolidados en la capital, <\/p>\n","protected":false},"author":1,"featured_media":0,"comment_status":"open","ping_status":"open","sticky":false,"template":"","format":"standard","meta":{"footnotes":""},"categories":[9],"tags":[],"class_list":["post-19588","post","type-post","status-publish","format-standard","hentry","category-morelia"],"_links":{"self":[{"href":"https:\/\/radiowebmx.com\/nota\/wp-json\/wp\/v2\/posts\/19588","targetHints":{"allow":["GET"]}}],"collection":[{"href":"https:\/\/radiowebmx.com\/nota\/wp-json\/wp\/v2\/posts"}],"about":[{"href":"https:\/\/radiowebmx.com\/nota\/wp-json\/wp\/v2\/types\/post"}],"author":[{"embeddable":true,"href":"https:\/\/radiowebmx.com\/nota\/wp-json\/wp\/v2\/users\/1"}],"replies":[{"embeddable":true,"href":"https:\/\/radiowebmx.com\/nota\/wp-json\/wp\/v2\/comments?post=19588"}],"version-history":[{"count":1,"href":"https:\/\/radiowebmx.com\/nota\/wp-json\/wp\/v2\/posts\/19588\/revisions"}],"predecessor-version":[{"id":19589,"href":"https:\/\/radiowebmx.com\/nota\/wp-json\/wp\/v2\/posts\/19588\/revisions\/19589"}],"wp:attachment":[{"href":"https:\/\/radiowebmx.com\/nota\/wp-json\/wp\/v2\/media?parent=19588"}],"wp:term":[{"taxonomy":"category","embeddable":true,"href":"https:\/\/radiowebmx.com\/nota\/wp-json\/wp\/v2\/categories?post=19588"},{"taxonomy":"post_tag","embeddable":true,"href":"https:\/\/radiowebmx.com\/nota\/wp-json\/wp\/v2\/tags?post=19588"}],"curies":[{"name":"wp","href":"https:\/\/api.w.org\/{rel}","templated":true}]}}