{"id":19585,"date":"2015-11-12T12:03:41","date_gmt":"2015-11-12T18:03:41","guid":{"rendered":"https:\/\/radiowebmx.com\/nota\/?p=19585"},"modified":"2015-11-12T12:03:48","modified_gmt":"2015-11-12T18:03:48","slug":"buscara-ayuntamiento-mejorar-imagen-de-la-fiesta-guadalupana","status":"publish","type":"post","link":"https:\/\/radiowebmx.com\/nota\/buscara-ayuntamiento-mejorar-imagen-de-la-fiesta-guadalupana\/","title":{"rendered":"Buscar\u00e1 Ayuntamiento mejorar imagen de la Fiesta Guadalupana"},"content":{"rendered":"<p><a href=\"https:\/\/radiowebmx.com\/nota\/wp-content\/uploads\/2015\/11\/f2e6aacc-3d52-46f3-8d41-56f26a246eee.jpg\"><img loading=\"lazy\" decoding=\"async\" class=\"alignleft size-full wp-image-19586\" src=\"https:\/\/radiowebmx.com\/nota\/wp-content\/uploads\/2015\/11\/f2e6aacc-3d52-46f3-8d41-56f26a246eee.jpg\" alt=\"f2e6aacc-3d52-46f3-8d41-56f26a246eee\" width=\"3600\" height=\"1640\" srcset=\"https:\/\/radiowebmx.com\/nota\/wp-content\/uploads\/2015\/11\/f2e6aacc-3d52-46f3-8d41-56f26a246eee.jpg 3600w, https:\/\/radiowebmx.com\/nota\/wp-content\/uploads\/2015\/11\/f2e6aacc-3d52-46f3-8d41-56f26a246eee-300x137.jpg 300w, https:\/\/radiowebmx.com\/nota\/wp-content\/uploads\/2015\/11\/f2e6aacc-3d52-46f3-8d41-56f26a246eee-1024x466.jpg 1024w\" sizes=\"auto, (max-width: 3600px) 100vw, 3600px\" \/><\/a><br \/>\nCon el objetivo de realizar un cambio en la organizaci\u00f3n de la fiesta que se realiza en honor a la virgen de Guadalupe, el Ayuntamiento de Morelia que encabeza el Presidente Municipal Alfonso Mart\u00ednez Alc\u00e1zar a trav\u00e9s de la Coordinaci\u00f3n del Centro Hist\u00f3rico, brind\u00f3 capacitaci\u00f3n a los comerciantes por medio del Programa de Mejora y Fortalecimiento de Comercios de las Fiestas Guadalupanas.<\/p>\n<p>En este sentido, el secretario del Ayuntamiento, Jes\u00fas \u00c1valos Plata mencion\u00f3 que se \u00a0buscar\u00e1 trabajar de la mano con los m\u00e1s de mil 200 comerciantes que se instalaran del 20 de noviembre al 12 de diciembre en la Plaza Jard\u00edn Morelos y en las calles aleda\u00f1as a esta, con la finalidad de darle orden, limpieza, seguridad e higiene a esta celebraci\u00f3n a la que acuden miles de feligreses de todo el estado.<\/p>\n<p>Durante el acto inaugural, en el que estuvieron presentes el secretario de Servicios P\u00fablicos Jos\u00e9 Lu\u00eds Gil V\u00e1zquez, el coordinador del Centro Hist\u00f3rico, Gaspar Hern\u00e1ndez Razo, el director de Cultural, Ra\u00fal Oma\u00f1a y diversos funcionarios, \u00c1valos Plata realiz\u00f3 un llamado a los comerciantes para responder a la exigencia de los asistentes.<\/p>\n<p>Cabe mencionar que durante el curso impartido a los oferentes, las dependencias o \u00e1reas involucradas les brindaron la informaci\u00f3n necesaria \u00a0para que conozcan las reglas, la operaci\u00f3n y las pol\u00edticas que se tendr\u00e1n a partir del 20 de noviembre y durante los siguientes a\u00f1os.<\/p>\n<p>Resalt\u00f3 que por instrucciones del Alcalde, Alfonso Mart\u00ednez \u00a0el principal objetivo de esta capacitaci\u00f3n es la de mejorar la imagen urbana de esta conmemoraci\u00f3n, as\u00ed como de cada uno de los puestos que se instalan y de esta manera poder lograr una mayor movilidad en la zona y convertir este evento en un referente no s\u00f3lo en Morelia, sino a nivel nacional e internacional.<\/p>\n<p>\u201cQueremos que esta festividad sea un producto tur\u00edstico, por ello, a nombre del presidente Alfonso Mart\u00ednez quiero decirles que cuentan con el respaldo del Honorable Ayuntamiento de Morelia y de mi persona como secretario para poder acercarnos con ustedes y buscar las mejores condiciones para que sea una festividad de mucha altura\u201d precis\u00f3 el encargo de la pol\u00edtica interna del Ayuntamiento.<\/p>\n<p>Por su parte, el secretario de Servicios P\u00fablico, Jos\u00e9 Luis Gil V\u00e1zquez resalt\u00f3 el programa cultural que se ofrecer\u00e1 de parte de diversas universidades los viernes, s\u00e1bados y domingos de 8 a 10 de la noche durante los d\u00edas que dure esta actividad religiosa y as\u00ed lograr que m\u00e1s gente acuda a esta fiesta.<\/p>\n","protected":false},"excerpt":{"rendered":"<p>Con el objetivo de realizar un cambio en la organizaci\u00f3n de la fiesta que se realiza en honor a la virgen de Guadalupe, el Ayuntamiento de Morelia que encabeza el Presidente Municipal Alfonso Mart\u00ednez Alc\u00e1zar a trav\u00e9s de la Coordinaci\u00f3n del Centro Hist\u00f3rico, <\/p>\n","protected":false},"author":1,"featured_media":19586,"comment_status":"open","ping_status":"open","sticky":false,"template":"","format":"standard","meta":{"footnotes":""},"categories":[14,9],"tags":[],"class_list":["post-19585","post","type-post","status-publish","format-standard","has-post-thumbnail","hentry","category-destacadas","category-morelia"],"_links":{"self":[{"href":"https:\/\/radiowebmx.com\/nota\/wp-json\/wp\/v2\/posts\/19585","targetHints":{"allow":["GET"]}}],"collection":[{"href":"https:\/\/radiowebmx.com\/nota\/wp-json\/wp\/v2\/posts"}],"about":[{"href":"https:\/\/radiowebmx.com\/nota\/wp-json\/wp\/v2\/types\/post"}],"author":[{"embeddable":true,"href":"https:\/\/radiowebmx.com\/nota\/wp-json\/wp\/v2\/users\/1"}],"replies":[{"embeddable":true,"href":"https:\/\/radiowebmx.com\/nota\/wp-json\/wp\/v2\/comments?post=19585"}],"version-history":[{"count":1,"href":"https:\/\/radiowebmx.com\/nota\/wp-json\/wp\/v2\/posts\/19585\/revisions"}],"predecessor-version":[{"id":19587,"href":"https:\/\/radiowebmx.com\/nota\/wp-json\/wp\/v2\/posts\/19585\/revisions\/19587"}],"wp:featuredmedia":[{"embeddable":true,"href":"https:\/\/radiowebmx.com\/nota\/wp-json\/wp\/v2\/media\/19586"}],"wp:attachment":[{"href":"https:\/\/radiowebmx.com\/nota\/wp-json\/wp\/v2\/media?parent=19585"}],"wp:term":[{"taxonomy":"category","embeddable":true,"href":"https:\/\/radiowebmx.com\/nota\/wp-json\/wp\/v2\/categories?post=19585"},{"taxonomy":"post_tag","embeddable":true,"href":"https:\/\/radiowebmx.com\/nota\/wp-json\/wp\/v2\/tags?post=19585"}],"curies":[{"name":"wp","href":"https:\/\/api.w.org\/{rel}","templated":true}]}}