{"id":19580,"date":"2015-11-12T11:47:41","date_gmt":"2015-11-12T17:47:41","guid":{"rendered":"https:\/\/radiowebmx.com\/nota\/?p=19580"},"modified":"2015-11-12T11:47:59","modified_gmt":"2015-11-12T17:47:59","slug":"toman-protesta-a-integrantes-de-comite-de-acceso-a-la-informacion-publica-del-poder-judicial-de-michoacan","status":"publish","type":"post","link":"https:\/\/radiowebmx.com\/nota\/toman-protesta-a-integrantes-de-comite-de-acceso-a-la-informacion-publica-del-poder-judicial-de-michoacan\/","title":{"rendered":"Toman protesta a integrantes de Comit\u00e9 de Acceso a la Informaci\u00f3n P\u00fablica del Poder Judicial de Michoac\u00e1n"},"content":{"rendered":"<p><a href=\"https:\/\/radiowebmx.com\/nota\/wp-content\/uploads\/2015\/11\/1b1.jpg\"><img loading=\"lazy\" decoding=\"async\" class=\"alignleft size-full wp-image-19582\" src=\"https:\/\/radiowebmx.com\/nota\/wp-content\/uploads\/2015\/11\/1b1.jpg\" alt=\"1b\" width=\"591\" height=\"285\" srcset=\"https:\/\/radiowebmx.com\/nota\/wp-content\/uploads\/2015\/11\/1b1.jpg 591w, https:\/\/radiowebmx.com\/nota\/wp-content\/uploads\/2015\/11\/1b1-300x145.jpg 300w\" sizes=\"auto, (max-width: 591px) 100vw, 591px\" \/><\/a>\u201cEn congruencia con las acciones que se han realizado en materia de transparencia, acceso a la informaci\u00f3n y protecci\u00f3n de datos personales, hoy se conforma formalmente el Comit\u00e9 de Acceso a la Informaci\u00f3n P\u00fablica del Poder Judicial de Michoac\u00e1n\u201d se\u00f1al\u00f3 el magistrado presidente Juan Antonio Maga\u00f1a de la Mora.<\/p>\n<p>Lo anterior, en sesi\u00f3n ordinaria del Consejo del Poder Judicial en la que se tom\u00f3 protesta a los integrantes del Comit\u00e9: Jaime del R\u00edo Salcedo, consejero; J. Francisco Aquiles Gait\u00e1n Aguilar, secretario de administraci\u00f3n; Paola Castillo Cabrera, contralora interna, y Paola Yazm\u00edn de la Rosa Toledo, jefa de acceso a informaci\u00f3n p\u00fablica; y Jorge Tlatelpa Mel\u00e9ndez, asesor en la materia.<\/p>\n<p>Ante la presencia de Rigoberto Reyes Espinosa, secretario general del Instituto para la Transparencia y Acceso a la Informaci\u00f3n P\u00fablica de Michoac\u00e1n \u00a0\u00a0\u00a0\u00a0\u00a0\u00a0\u00a0 (ITAIMICH) -como testigo de honor-, Maga\u00f1a de la Mora coment\u00f3 que a partir de su instalaci\u00f3n, el Comit\u00e9 se abocar\u00e1 a garantizar tanto la celeridad en la gesti\u00f3n de las solicitudes de acceso a la informaci\u00f3n, como a velar por el establecimiento de pol\u00edticas institucionales que faciliten este ejercicio.<\/p>\n<p>Adem\u00e1s de elaborar un reglamento de transparencia institucional; continuar con las acciones para conformar un sistema de archivos; as\u00ed como generar programas para la capacitaci\u00f3n y actualizaci\u00f3n de los servidores p\u00fablicos de la instituci\u00f3n en materia de transparencia, acceso a la informaci\u00f3n, accesibilidad y protecci\u00f3n de datos personales, entre otras actividades.<\/p>\n","protected":false},"excerpt":{"rendered":"<p>\u201cEn congruencia con las acciones que se han realizado en materia de transparencia, acceso a la informaci\u00f3n y protecci\u00f3n de datos personales, hoy se conforma formalmente el Comit\u00e9 de Acceso a la Informaci\u00f3n P\u00fablica del Poder Judicial de Michoac\u00e1n\u201d <\/p>\n","protected":false},"author":1,"featured_media":19581,"comment_status":"open","ping_status":"open","sticky":false,"template":"","format":"standard","meta":{"footnotes":""},"categories":[14,3],"tags":[],"class_list":["post-19580","post","type-post","status-publish","format-standard","has-post-thumbnail","hentry","category-destacadas","category-gobierno-del-estado-de-michoacan"],"_links":{"self":[{"href":"https:\/\/radiowebmx.com\/nota\/wp-json\/wp\/v2\/posts\/19580","targetHints":{"allow":["GET"]}}],"collection":[{"href":"https:\/\/radiowebmx.com\/nota\/wp-json\/wp\/v2\/posts"}],"about":[{"href":"https:\/\/radiowebmx.com\/nota\/wp-json\/wp\/v2\/types\/post"}],"author":[{"embeddable":true,"href":"https:\/\/radiowebmx.com\/nota\/wp-json\/wp\/v2\/users\/1"}],"replies":[{"embeddable":true,"href":"https:\/\/radiowebmx.com\/nota\/wp-json\/wp\/v2\/comments?post=19580"}],"version-history":[{"count":2,"href":"https:\/\/radiowebmx.com\/nota\/wp-json\/wp\/v2\/posts\/19580\/revisions"}],"predecessor-version":[{"id":19584,"href":"https:\/\/radiowebmx.com\/nota\/wp-json\/wp\/v2\/posts\/19580\/revisions\/19584"}],"wp:featuredmedia":[{"embeddable":true,"href":"https:\/\/radiowebmx.com\/nota\/wp-json\/wp\/v2\/media\/19581"}],"wp:attachment":[{"href":"https:\/\/radiowebmx.com\/nota\/wp-json\/wp\/v2\/media?parent=19580"}],"wp:term":[{"taxonomy":"category","embeddable":true,"href":"https:\/\/radiowebmx.com\/nota\/wp-json\/wp\/v2\/categories?post=19580"},{"taxonomy":"post_tag","embeddable":true,"href":"https:\/\/radiowebmx.com\/nota\/wp-json\/wp\/v2\/tags?post=19580"}],"curies":[{"name":"wp","href":"https:\/\/api.w.org\/{rel}","templated":true}]}}