{"id":19574,"date":"2015-11-12T11:41:53","date_gmt":"2015-11-12T17:41:53","guid":{"rendered":"https:\/\/radiowebmx.com\/nota\/?p=19574"},"modified":"2015-11-12T11:42:06","modified_gmt":"2015-11-12T17:42:06","slug":"ayuntamiento-de-morelia-otorga-herramientas-a-empresas-para-fortalecer-la-economia-local","status":"publish","type":"post","link":"https:\/\/radiowebmx.com\/nota\/ayuntamiento-de-morelia-otorga-herramientas-a-empresas-para-fortalecer-la-economia-local\/","title":{"rendered":"Ayuntamiento de Morelia otorga herramientas a empresas para fortalecer la econom\u00eda local"},"content":{"rendered":"<div>\n<p><a href=\"https:\/\/radiowebmx.com\/nota\/wp-content\/uploads\/2015\/11\/a934ffce-9a33-467a-b54c-e58d6103e779.jpg\"><img loading=\"lazy\" decoding=\"async\" class=\"alignleft size-full wp-image-19575\" src=\"https:\/\/radiowebmx.com\/nota\/wp-content\/uploads\/2015\/11\/a934ffce-9a33-467a-b54c-e58d6103e779.jpg\" alt=\"a934ffce-9a33-467a-b54c-e58d6103e779\" width=\"591\" height=\"406\" srcset=\"https:\/\/radiowebmx.com\/nota\/wp-content\/uploads\/2015\/11\/a934ffce-9a33-467a-b54c-e58d6103e779.jpg 591w, https:\/\/radiowebmx.com\/nota\/wp-content\/uploads\/2015\/11\/a934ffce-9a33-467a-b54c-e58d6103e779-300x206.jpg 300w\" sizes=\"auto, (max-width: 591px) 100vw, 591px\" \/><\/a>El Ayuntamiento de Morelia, a trav\u00e9s de la Secretar\u00eda de Fomento Econ\u00f3mico, inaugur\u00f3 el foro Publicidad para PYMES, que se llev\u00f3 a cabo este mi\u00e9rcoles en Multicentro las Am\u00e9ricas.<\/p>\n<p>Durante su intervenci\u00f3n, la titular de la SEFECO, Ireri Rivera Garc\u00eda, destac\u00f3 la importancia de la publicidad para el desarrollo de las empresas; as\u00ed mismo, inform\u00f3 que en este evento se logr\u00f3 reunir a cientos de emprendedores interesados en hacer crecer su negocio y que recibieron\u00a0 mediante conferencias o \u00a0talleres,\u00a0\u00a0 capacitaci\u00f3n en temas como el valor de la comunicaci\u00f3n, creatividad estrat\u00e9gica, marketing, redes sociales, web, branding y print (Imagen de marca y empoderamiento), exteriores e innovaci\u00f3n.<\/p>\n<p>Rivera Garc\u00eda detall\u00f3 \u00a0que \u00a0Morelia tiene \u00a0m\u00e1s \u00a037 mil unidades econ\u00f3micas registradas y un producto bruto de \u00a060 mil 400 millones de pesos, lo cual, dijo, se puede traducir en oportunidades para que las \u00a0empresas locales fortalezcan\u00a0sus estrategias de publicidad hagan crecer \u00a0la econom\u00eda local.<\/p>\n<p>Cabe recordar que la Secretar\u00eda de\u00a0 Fomento Econ\u00f3mico \u00a0en trabajo en conjunto con las Agencias Creativas de Michoac\u00e1n (ACdM), reconocieron la importancia de la publicidad y dise\u00f1o de marcas locales para que los diferentes \u00a0canales de comunicaci\u00f3n \u00a0se difundan y promuevan los productos ofertados de manera efectiva.<\/p>\n<p>Ireri Rivera afirm\u00f3 que la mercadotecnia es la actividad clave de las empresas por ser la generadora de ventas al enfocarse a la satisfacci\u00f3n del cliente y para lograr su \u00e9xito, los empresarios deben entender y comprender las necesidades de los consumidores.<\/p>\n<p>\u201cNo basta con ofrecer algo bueno, bonito y barato,\u00a0 como se dice popularmente,\u00a0 el \u00e9xito de un producto\u00a0 o servicio radica en satisfacer una necesidad\u00a0 espec\u00edfica y la forma que ellos se comunican, es ah\u00ed donde entra la labor del profesionista\u201d, asegur\u00f3.<\/p>\n<\/div>\n<div>La encargada de la pol\u00edtica econ\u00f3mica del municipio confi\u00f3 en que la capacitaci\u00f3n que recibieron los empresarios morelianos servir\u00e1 para incrementar sus ventas y que la econom\u00eda de la ciudad crezca.Los asistentes a este evento fueron Paola Rojas Rocha, jefa del Departamento de Desarrollo Tecnol\u00f3gico de la Secretar\u00eda de Desarrollo Econ\u00f3mico del Gobierno del Estado, Clovis Remusat Arana, presidente de la CANACINTRA Morelia,\u00a0 \u00a0Benjam\u00edn Hurtado Cabrera, presidente de la Industria Nacional de las Artes Gr\u00e1ficas de la delegaci\u00f3n michoacana, as\u00ed como delegados de la CANIMPA, de la Asociaci\u00f3n de Hoteles y Moteles de la entidad.<\/p>\n<p>Algunos de los ponentes de este evento fueron: Sergio L\u00f3pez, presidente ejecutivo de AMAP con la conferencia \u201cEl valor de la comunicaci\u00f3n\u201d, Iv\u00e1n Guti\u00e9rrez, director creativo en Mescalina con \u201cC\u00f3mo la publicidad puede ayudarme\u00a0 a tener un negocio exitoso\u201d, Joel Bucio, director de \u00a0Goosper &amp; Hoope \u201cComo generar usuarios desde cero a un mill\u00f3n\u201d, entre otros.<\/p>\n<\/div>\n","protected":false},"excerpt":{"rendered":"<p>El Ayuntamiento de Morelia, a trav\u00e9s de la Secretar\u00eda de Fomento Econ\u00f3mico, inaugur\u00f3 el foro Publicidad para PYMES, que se llev\u00f3 a cabo este mi\u00e9rcoles en Multicentro las Am\u00e9ricas.<\/p>\n","protected":false},"author":1,"featured_media":19575,"comment_status":"open","ping_status":"open","sticky":false,"template":"","format":"standard","meta":{"footnotes":""},"categories":[14,9],"tags":[],"class_list":["post-19574","post","type-post","status-publish","format-standard","has-post-thumbnail","hentry","category-destacadas","category-morelia"],"_links":{"self":[{"href":"https:\/\/radiowebmx.com\/nota\/wp-json\/wp\/v2\/posts\/19574","targetHints":{"allow":["GET"]}}],"collection":[{"href":"https:\/\/radiowebmx.com\/nota\/wp-json\/wp\/v2\/posts"}],"about":[{"href":"https:\/\/radiowebmx.com\/nota\/wp-json\/wp\/v2\/types\/post"}],"author":[{"embeddable":true,"href":"https:\/\/radiowebmx.com\/nota\/wp-json\/wp\/v2\/users\/1"}],"replies":[{"embeddable":true,"href":"https:\/\/radiowebmx.com\/nota\/wp-json\/wp\/v2\/comments?post=19574"}],"version-history":[{"count":2,"href":"https:\/\/radiowebmx.com\/nota\/wp-json\/wp\/v2\/posts\/19574\/revisions"}],"predecessor-version":[{"id":19577,"href":"https:\/\/radiowebmx.com\/nota\/wp-json\/wp\/v2\/posts\/19574\/revisions\/19577"}],"wp:featuredmedia":[{"embeddable":true,"href":"https:\/\/radiowebmx.com\/nota\/wp-json\/wp\/v2\/media\/19575"}],"wp:attachment":[{"href":"https:\/\/radiowebmx.com\/nota\/wp-json\/wp\/v2\/media?parent=19574"}],"wp:term":[{"taxonomy":"category","embeddable":true,"href":"https:\/\/radiowebmx.com\/nota\/wp-json\/wp\/v2\/categories?post=19574"},{"taxonomy":"post_tag","embeddable":true,"href":"https:\/\/radiowebmx.com\/nota\/wp-json\/wp\/v2\/tags?post=19574"}],"curies":[{"name":"wp","href":"https:\/\/api.w.org\/{rel}","templated":true}]}}