{"id":19570,"date":"2015-11-12T11:31:55","date_gmt":"2015-11-12T17:31:55","guid":{"rendered":"https:\/\/radiowebmx.com\/nota\/?p=19570"},"modified":"2015-11-12T11:33:27","modified_gmt":"2015-11-12T17:33:27","slug":"ayuntamiento-de-morelia-lanza-convocatoria-para-ocupar-la-contraloria","status":"publish","type":"post","link":"https:\/\/radiowebmx.com\/nota\/ayuntamiento-de-morelia-lanza-convocatoria-para-ocupar-la-contraloria\/","title":{"rendered":"Ayuntamiento de Morelia lanza convocatoria para ocupar la Contralor\u00eda"},"content":{"rendered":"<p><a href=\"https:\/\/radiowebmx.com\/nota\/wp-content\/uploads\/2015\/11\/9288ed3b-123c-4b53-9452-1fc7865c8bda.jpg\"><img loading=\"lazy\" decoding=\"async\" class=\"alignleft size-full wp-image-19571\" src=\"https:\/\/radiowebmx.com\/nota\/wp-content\/uploads\/2015\/11\/9288ed3b-123c-4b53-9452-1fc7865c8bda.jpg\" alt=\"9288ed3b-123c-4b53-9452-1fc7865c8bda\" width=\"591\" height=\"285\" srcset=\"https:\/\/radiowebmx.com\/nota\/wp-content\/uploads\/2015\/11\/9288ed3b-123c-4b53-9452-1fc7865c8bda.jpg 591w, https:\/\/radiowebmx.com\/nota\/wp-content\/uploads\/2015\/11\/9288ed3b-123c-4b53-9452-1fc7865c8bda-300x145.jpg 300w\" sizes=\"auto, (max-width: 591px) 100vw, 591px\" \/><\/a>El Ayuntamiento de Morelia lanz\u00f3 la convocatoria p\u00fablica para el registro de aspirantes a ocupar la Contralor\u00eda municipal, cuyo perfil ser\u00e1 revisado por el cuerpo colegiado para su aprobaci\u00f3n final.<\/p>\n<p>Con fundamento en los art\u00edculos 1 y 115 de la Constituci\u00f3n Pol\u00edtica de los Estados Unidos Mexicanos y los art\u00edculos 1, 123 y 130 de la Constituci\u00f3n del Estado de Michoac\u00e1n, el Ayuntamiento de Morelia integrar\u00e1 los mejores perfiles profesionales para ocupar la Administraci\u00f3n.<\/p>\n<p>La Contralor\u00eda, es el \u00f3rgano responsable de evaluar y llevar el control interno del Gobierno, por lo cual, se abrieron las puertas para que sea un ciudadano el encargado de vigilar de manera imparcial y objetiva, as\u00ed como el manejo adecuado de los recursos p\u00fablicos.<\/p>\n<p>La convocatoria estipula entre sus requisitos, que los candidatos deben ser michoacanos en pleno ejercicio de sus derechos pol\u00edticos y civiles; ser profesional en las \u00e1reas contables, jur\u00eddicas, econ\u00f3micas o administrativas; no haber sido dirigente de partido pol\u00edtico ni candidato durante la elecci\u00f3n del Ayuntamiento en funciones.<\/p>\n<p>Los candidatos deben presentar una carta de no habilitaci\u00f3n expedida por la Coordinaci\u00f3n de Contralor\u00eda del Poder Ejecutivo del Estado; una exposici\u00f3n de motivos en donde acredite su trayectoria profesional; y carta de propuesta y\/o respaldo de organismos empresariales o profesionales.<\/p>\n<p>Toda esta informaci\u00f3n deber\u00e1 ser registrada en la p\u00e1gina de internet convocatoria.morelia.gob.mx hasta el 15 de noviembre, fecha en la concluye el periodo de inscripci\u00f3n.<\/p>\n<p>Tras revisar los perfiles, se aplicar\u00e1 un nuevo filtro, y ser\u00e1 el Alcalde, Alfonso Mart\u00ednez Alc\u00e1zar y el S\u00edndico, Fabio Sistos Rangel, quienes, de acuerdo a sus facultades, presentar\u00e1n una propuesta al Ayuntamiento para que cuerpo colegiado valore la misma.<\/p>\n<p>Los detalles de la convocatoria son dados a conocer desde ahora en la p\u00e1gina oficial del Gobierno Municipal, para que todo aquel que cumpla con los requisitos, participe y sea tomado en cuenta para integrar el aparato de Gobierno y sea los ojos de la ciudadan\u00eda en el \u00f3rgano fiscalizador del trabajo de la Administraci\u00f3n de Morelia.<\/p>\n","protected":false},"excerpt":{"rendered":"<p>El Ayuntamiento de Morelia lanz\u00f3 la convocatoria p\u00fablica para el registro de aspirantes a ocupar la Contralor\u00eda municipal, cuyo perfil ser\u00e1 revisado por el cuerpo colegiado para su aprobaci\u00f3n final.<\/p>\n","protected":false},"author":1,"featured_media":19571,"comment_status":"open","ping_status":"open","sticky":false,"template":"","format":"standard","meta":{"footnotes":""},"categories":[14,9],"tags":[],"class_list":["post-19570","post","type-post","status-publish","format-standard","has-post-thumbnail","hentry","category-destacadas","category-morelia"],"_links":{"self":[{"href":"https:\/\/radiowebmx.com\/nota\/wp-json\/wp\/v2\/posts\/19570","targetHints":{"allow":["GET"]}}],"collection":[{"href":"https:\/\/radiowebmx.com\/nota\/wp-json\/wp\/v2\/posts"}],"about":[{"href":"https:\/\/radiowebmx.com\/nota\/wp-json\/wp\/v2\/types\/post"}],"author":[{"embeddable":true,"href":"https:\/\/radiowebmx.com\/nota\/wp-json\/wp\/v2\/users\/1"}],"replies":[{"embeddable":true,"href":"https:\/\/radiowebmx.com\/nota\/wp-json\/wp\/v2\/comments?post=19570"}],"version-history":[{"count":1,"href":"https:\/\/radiowebmx.com\/nota\/wp-json\/wp\/v2\/posts\/19570\/revisions"}],"predecessor-version":[{"id":19573,"href":"https:\/\/radiowebmx.com\/nota\/wp-json\/wp\/v2\/posts\/19570\/revisions\/19573"}],"wp:featuredmedia":[{"embeddable":true,"href":"https:\/\/radiowebmx.com\/nota\/wp-json\/wp\/v2\/media\/19571"}],"wp:attachment":[{"href":"https:\/\/radiowebmx.com\/nota\/wp-json\/wp\/v2\/media?parent=19570"}],"wp:term":[{"taxonomy":"category","embeddable":true,"href":"https:\/\/radiowebmx.com\/nota\/wp-json\/wp\/v2\/categories?post=19570"},{"taxonomy":"post_tag","embeddable":true,"href":"https:\/\/radiowebmx.com\/nota\/wp-json\/wp\/v2\/tags?post=19570"}],"curies":[{"name":"wp","href":"https:\/\/api.w.org\/{rel}","templated":true}]}}