{"id":19563,"date":"2015-11-12T11:23:48","date_gmt":"2015-11-12T17:23:48","guid":{"rendered":"https:\/\/radiowebmx.com\/nota\/?p=19563"},"modified":"2015-11-12T11:24:34","modified_gmt":"2015-11-12T17:24:34","slug":"continua-silvano-aureoles-gestiones-para-mejorar-el-sistema-educativo-en-michoacan","status":"publish","type":"post","link":"https:\/\/radiowebmx.com\/nota\/continua-silvano-aureoles-gestiones-para-mejorar-el-sistema-educativo-en-michoacan\/","title":{"rendered":"Contin\u00faa Silvano Aureoles gestiones para mejorar el sistema educativo en Michoac\u00e1n"},"content":{"rendered":"<p><a href=\"https:\/\/radiowebmx.com\/nota\/wp-content\/uploads\/2015\/11\/a7112018-75c2-4b52-bc91-dce5cd103d22.jpg\"><img loading=\"lazy\" decoding=\"async\" class=\"alignleft size-full wp-image-19564\" src=\"https:\/\/radiowebmx.com\/nota\/wp-content\/uploads\/2015\/11\/a7112018-75c2-4b52-bc91-dce5cd103d22.jpg\" alt=\"a7112018-75c2-4b52-bc91-dce5cd103d22\" width=\"591\" height=\"377\" srcset=\"https:\/\/radiowebmx.com\/nota\/wp-content\/uploads\/2015\/11\/a7112018-75c2-4b52-bc91-dce5cd103d22.jpg 591w, https:\/\/radiowebmx.com\/nota\/wp-content\/uploads\/2015\/11\/a7112018-75c2-4b52-bc91-dce5cd103d22-300x191.jpg 300w\" sizes=\"auto, (max-width: 591px) 100vw, 591px\" \/><\/a>El Gobernador de Michoac\u00e1n, Silvano Aureoles Conejo, se reuni\u00f3 nuevamente con el secretario de Educaci\u00f3n P\u00fablica, Aurelio Nu\u00f1o Mayer, para hacer un balance en torno al proceso de evaluaci\u00f3n de los maestros, que se llevar\u00e1 a cabo este mes en el estado.<\/p>\n<p>En este encuentro que se realiz\u00f3 de manera privada, Silvano Aureoles enfatiz\u00f3 el gran avance que ha tenido la entidad para el registro de profesores que han decidido someterse a la evaluaci\u00f3n.<\/p>\n<p>Destac\u00f3 que hoy en d\u00eda los docentes han perdido el miedo a este proceso y por eso tomaron la decisi\u00f3n de someterse a esta prueba, que les permitir\u00e1 tener mejores ingresos, acceder a una plaza laboral y superarse d\u00eda con d\u00eda en sus conocimientos.<\/p>\n<p>Aureoles Conejo refiri\u00f3 que para Michoac\u00e1n es impostergable el mejoramiento del sistema educativo, por ello agradeci\u00f3 el apoyo del Gobierno Federal a trav\u00e9s de la Secretar\u00eda de Educaci\u00f3n P\u00fablica, para llevar a cabo esta prueba y que la entidad supere los rezagos que existen en la materia.<\/p>\n<p>El Gobernador de Michoac\u00e1n estuvo acompa\u00f1ado por la secretaria de Educaci\u00f3n del estado, Silvia Figueroa Zamudio; as\u00ed como el secretario de Finanzas y Administraci\u00f3n, Carlos Maldonado Mendoza; y el delegado administrativo de la SEP, Israel Barrios.<\/p>\n","protected":false},"excerpt":{"rendered":"<p>El Gobernador de Michoac\u00e1n, Silvano Aureoles Conejo, se reuni\u00f3 nuevamente con el secretario de Educaci\u00f3n P\u00fablica, Aurelio Nu\u00f1o Mayer, para hacer un balance en torno al proceso de evaluaci\u00f3n de los maestros, que se llevar\u00e1 a cabo este mes en el estado.<\/p>\n","protected":false},"author":1,"featured_media":19564,"comment_status":"open","ping_status":"open","sticky":false,"template":"","format":"standard","meta":{"footnotes":""},"categories":[14,3],"tags":[],"class_list":["post-19563","post","type-post","status-publish","format-standard","has-post-thumbnail","hentry","category-destacadas","category-gobierno-del-estado-de-michoacan"],"_links":{"self":[{"href":"https:\/\/radiowebmx.com\/nota\/wp-json\/wp\/v2\/posts\/19563","targetHints":{"allow":["GET"]}}],"collection":[{"href":"https:\/\/radiowebmx.com\/nota\/wp-json\/wp\/v2\/posts"}],"about":[{"href":"https:\/\/radiowebmx.com\/nota\/wp-json\/wp\/v2\/types\/post"}],"author":[{"embeddable":true,"href":"https:\/\/radiowebmx.com\/nota\/wp-json\/wp\/v2\/users\/1"}],"replies":[{"embeddable":true,"href":"https:\/\/radiowebmx.com\/nota\/wp-json\/wp\/v2\/comments?post=19563"}],"version-history":[{"count":2,"href":"https:\/\/radiowebmx.com\/nota\/wp-json\/wp\/v2\/posts\/19563\/revisions"}],"predecessor-version":[{"id":19567,"href":"https:\/\/radiowebmx.com\/nota\/wp-json\/wp\/v2\/posts\/19563\/revisions\/19567"}],"wp:featuredmedia":[{"embeddable":true,"href":"https:\/\/radiowebmx.com\/nota\/wp-json\/wp\/v2\/media\/19564"}],"wp:attachment":[{"href":"https:\/\/radiowebmx.com\/nota\/wp-json\/wp\/v2\/media?parent=19563"}],"wp:term":[{"taxonomy":"category","embeddable":true,"href":"https:\/\/radiowebmx.com\/nota\/wp-json\/wp\/v2\/categories?post=19563"},{"taxonomy":"post_tag","embeddable":true,"href":"https:\/\/radiowebmx.com\/nota\/wp-json\/wp\/v2\/tags?post=19563"}],"curies":[{"name":"wp","href":"https:\/\/api.w.org\/{rel}","templated":true}]}}