{"id":19561,"date":"2015-11-12T11:21:46","date_gmt":"2015-11-12T17:21:46","guid":{"rendered":"https:\/\/radiowebmx.com\/nota\/?p=19561"},"modified":"2015-11-12T11:21:46","modified_gmt":"2015-11-12T17:21:46","slug":"llama-secdeco-a-no-afectar-la-economia-durante-manifestaciones","status":"publish","type":"post","link":"https:\/\/radiowebmx.com\/nota\/llama-secdeco-a-no-afectar-la-economia-durante-manifestaciones\/","title":{"rendered":"Llama Secdeco a no afectar la econom\u00eda durante manifestaciones"},"content":{"rendered":"<p class=\"ecxMsoNormal\"><span style=\"font-family: tahoma, sans-serif; font-size: large;\">Respetuosos a la libre expresi\u00f3n y manifestaci\u00f3n, la Secretar\u00eda de Desarrollo Econ\u00f3mico hace un llamado a los grupos inconformes a ponderar la imperante necesidad de que Michoac\u00e1n se consolide econ\u00f3micamente y a evitar la afectaci\u00f3n a las operaciones comerciales en la capital michoacana, seg\u00fan lo se\u00f1al\u00f3 Antonio Soto S\u00e1nchez, titular de la citada dependencia.<\/span><\/p>\n<p class=\"ecxMsoNormal\"><span style=\"font-family: tahoma, sans-serif; font-size: large;\">Agreg\u00f3 que el Gobierno del Estado a trav\u00e9s de la Sedeco trabaja de \u00a0manera decidida para el fortalecimiento y crecimiento que permita a la entidad un desarrollo integral y sustentable, por lo que lament\u00f3 el cierre de comercios \u00a0durante las marchas registradas este mi\u00e9rcoles.<\/span><\/p>\n<p class=\"ecxMsoNormal\"><span style=\"font-family: tahoma, sans-serif; font-size: large;\">\u201cMichoac\u00e1n es tierra de oportunidades, de gente trabajadora que todos los d\u00edas sale buscando el progreso familiar, y con ello, el progreso de toda la entidad, lamentamos que acciones de grupos espec\u00edficos afecten a todos los sectores productivos indistintamente, los invitamos al dialogo y la concertaci\u00f3n en un marco de legalidad, respetando la ley y las formas\u201d se\u00f1al\u00f3 el secretario Soto S\u00e1nchez.<\/span><\/p>\n<p class=\"ecxMsoNormal\"><span style=\"font-family: tahoma, sans-serif; font-size: large;\">Por \u00faltimo, el funcionario estatal lament\u00f3 que dos reporteros hayan resultado heridos al ser atropellados en medio del caos generado por las m\u00faltiples manifestaciones en la ciudad, derivando en la hospitalizaci\u00f3n de uno de los afectados.<\/span><\/p>\n","protected":false},"excerpt":{"rendered":"<p>Respetuosos a la libre expresi\u00f3n y manifestaci\u00f3n, la Secretar\u00eda de Desarrollo Econ\u00f3mico hace un llamado a los grupos inconformes a ponderar la imperante necesidad de que Michoac\u00e1n se consolide econ\u00f3micamente y a evitar la afectaci\u00f3n a las operaciones comerciales en la capital michoacana, <\/p>\n","protected":false},"author":1,"featured_media":0,"comment_status":"open","ping_status":"open","sticky":false,"template":"","format":"standard","meta":{"footnotes":""},"categories":[3],"tags":[],"class_list":["post-19561","post","type-post","status-publish","format-standard","hentry","category-gobierno-del-estado-de-michoacan"],"_links":{"self":[{"href":"https:\/\/radiowebmx.com\/nota\/wp-json\/wp\/v2\/posts\/19561","targetHints":{"allow":["GET"]}}],"collection":[{"href":"https:\/\/radiowebmx.com\/nota\/wp-json\/wp\/v2\/posts"}],"about":[{"href":"https:\/\/radiowebmx.com\/nota\/wp-json\/wp\/v2\/types\/post"}],"author":[{"embeddable":true,"href":"https:\/\/radiowebmx.com\/nota\/wp-json\/wp\/v2\/users\/1"}],"replies":[{"embeddable":true,"href":"https:\/\/radiowebmx.com\/nota\/wp-json\/wp\/v2\/comments?post=19561"}],"version-history":[{"count":1,"href":"https:\/\/radiowebmx.com\/nota\/wp-json\/wp\/v2\/posts\/19561\/revisions"}],"predecessor-version":[{"id":19562,"href":"https:\/\/radiowebmx.com\/nota\/wp-json\/wp\/v2\/posts\/19561\/revisions\/19562"}],"wp:attachment":[{"href":"https:\/\/radiowebmx.com\/nota\/wp-json\/wp\/v2\/media?parent=19561"}],"wp:term":[{"taxonomy":"category","embeddable":true,"href":"https:\/\/radiowebmx.com\/nota\/wp-json\/wp\/v2\/categories?post=19561"},{"taxonomy":"post_tag","embeddable":true,"href":"https:\/\/radiowebmx.com\/nota\/wp-json\/wp\/v2\/tags?post=19561"}],"curies":[{"name":"wp","href":"https:\/\/api.w.org\/{rel}","templated":true}]}}