{"id":19553,"date":"2015-11-12T11:16:01","date_gmt":"2015-11-12T17:16:01","guid":{"rendered":"https:\/\/radiowebmx.com\/nota\/?p=19553"},"modified":"2015-11-12T11:18:37","modified_gmt":"2015-11-12T17:18:37","slug":"todo-listo-para-la-final-del-serial-estatal-de-ciclismo-de-montana","status":"publish","type":"post","link":"https:\/\/radiowebmx.com\/nota\/todo-listo-para-la-final-del-serial-estatal-de-ciclismo-de-montana\/","title":{"rendered":"Todo listo para la final del serial estatal de ciclismo de monta\u00f1a"},"content":{"rendered":"<p><a href=\"https:\/\/radiowebmx.com\/nota\/wp-content\/uploads\/2015\/11\/f210fd2f-73a0-4fe4-b19a-de92b46005eb.jpg\"><img loading=\"lazy\" decoding=\"async\" class=\"alignleft size-full wp-image-19554\" src=\"https:\/\/radiowebmx.com\/nota\/wp-content\/uploads\/2015\/11\/f210fd2f-73a0-4fe4-b19a-de92b46005eb.jpg\" alt=\"f210fd2f-73a0-4fe4-b19a-de92b46005eb\" width=\"591\" height=\"224\" srcset=\"https:\/\/radiowebmx.com\/nota\/wp-content\/uploads\/2015\/11\/f210fd2f-73a0-4fe4-b19a-de92b46005eb.jpg 591w, https:\/\/radiowebmx.com\/nota\/wp-content\/uploads\/2015\/11\/f210fd2f-73a0-4fe4-b19a-de92b46005eb-300x114.jpg 300w\" sizes=\"auto, (max-width: 591px) 100vw, 591px\" \/><\/a>Con el objetivo de fomentar el deporte entre la sociedad michoacana, el Gobierno del Estado a trav\u00e9s de la Comisi\u00f3n Estatal de Cultura F\u00edsica y Deporte (Cecufid), invitan a la ciudadan\u00eda a formar parte de la Gran Final del Campeonato Estatal de Ciclismo de Monta\u00f1a, programada para el pr\u00f3ximo 15 de noviembre en esta ciudad capital.<\/p>\n<p>En conferencia de prensa, se ofrecieron detalles de la gran final del serial, a la cual asistieron, la titular de la Cecufid, Edna D\u00edaz Acevedo, el presidente de la Asociaci\u00f3n Michoacana de Ciclismo, Jos\u00e9 Guadalupe Ben\u00edtez, as\u00ed como la ciclista Anayantzi Guzm\u00e1n, entre otros.<\/p>\n<p>\u201cLa Comisi\u00f3n Estatal de Cultura F\u00edsica y Deporte est\u00e1 en la mayor disposici\u00f3n de apoyar este tipo de eventos, y m\u00e1xime cuando se trata de una asociaci\u00f3n como la de ciclismo que nos ha dado grades triunfos con sus atletas\u201d, destac\u00f3 Urbano Pineda, quien es el responsable del Departamento de Deporte Social, de la Cecufid.<\/p>\n<p>Jos\u00e9 Guadalupe Ben\u00edtez, principal organizador del evento, se\u00f1al\u00f3 que se entregar\u00e1n medallas y playeras a todos los participantes adem\u00e1s de trofeos a los primeros lugares de cada categor\u00eda; tambi\u00e9n se repartir\u00e1 una bolsa de 20 mil pesos entre la fuerza absoluta, es decir, la Elite. Se espera una participaci\u00f3n de 250 corredores, de diferentes municipios michoacanos as\u00ed como de otras entidades entre ellas del Estado de M\u00e9xico y Guanajuato.<\/p>\n","protected":false},"excerpt":{"rendered":"<p>Con el objetivo de fomentar el deporte entre la sociedad michoacana, el Gobierno del Estado a trav\u00e9s de la Cecufid, invitan a la ciudadan\u00eda a formar parte de la Gran Final del Campeonato Estatal de Ciclismo de Monta\u00f1a, programada para el pr\u00f3ximo 15 de noviembre en esta ciudad capital.<\/p>\n","protected":false},"author":1,"featured_media":19554,"comment_status":"open","ping_status":"open","sticky":false,"template":"","format":"standard","meta":{"footnotes":""},"categories":[14,3],"tags":[],"class_list":["post-19553","post","type-post","status-publish","format-standard","has-post-thumbnail","hentry","category-destacadas","category-gobierno-del-estado-de-michoacan"],"_links":{"self":[{"href":"https:\/\/radiowebmx.com\/nota\/wp-json\/wp\/v2\/posts\/19553","targetHints":{"allow":["GET"]}}],"collection":[{"href":"https:\/\/radiowebmx.com\/nota\/wp-json\/wp\/v2\/posts"}],"about":[{"href":"https:\/\/radiowebmx.com\/nota\/wp-json\/wp\/v2\/types\/post"}],"author":[{"embeddable":true,"href":"https:\/\/radiowebmx.com\/nota\/wp-json\/wp\/v2\/users\/1"}],"replies":[{"embeddable":true,"href":"https:\/\/radiowebmx.com\/nota\/wp-json\/wp\/v2\/comments?post=19553"}],"version-history":[{"count":2,"href":"https:\/\/radiowebmx.com\/nota\/wp-json\/wp\/v2\/posts\/19553\/revisions"}],"predecessor-version":[{"id":19557,"href":"https:\/\/radiowebmx.com\/nota\/wp-json\/wp\/v2\/posts\/19553\/revisions\/19557"}],"wp:featuredmedia":[{"embeddable":true,"href":"https:\/\/radiowebmx.com\/nota\/wp-json\/wp\/v2\/media\/19554"}],"wp:attachment":[{"href":"https:\/\/radiowebmx.com\/nota\/wp-json\/wp\/v2\/media?parent=19553"}],"wp:term":[{"taxonomy":"category","embeddable":true,"href":"https:\/\/radiowebmx.com\/nota\/wp-json\/wp\/v2\/categories?post=19553"},{"taxonomy":"post_tag","embeddable":true,"href":"https:\/\/radiowebmx.com\/nota\/wp-json\/wp\/v2\/tags?post=19553"}],"curies":[{"name":"wp","href":"https:\/\/api.w.org\/{rel}","templated":true}]}}