{"id":19537,"date":"2015-11-12T10:56:00","date_gmt":"2015-11-12T16:56:00","guid":{"rendered":"https:\/\/radiowebmx.com\/nota\/?p=19537"},"modified":"2015-11-12T10:57:35","modified_gmt":"2015-11-12T16:57:35","slug":"morelia-lista-para-el-festival-de-musica-miguel-bernal-jimenez","status":"publish","type":"post","link":"https:\/\/radiowebmx.com\/nota\/morelia-lista-para-el-festival-de-musica-miguel-bernal-jimenez\/","title":{"rendered":"Morelia, lista para el festival de M\u00fasica Miguel Bernal Jim\u00e9nez"},"content":{"rendered":"<p><a href=\"https:\/\/radiowebmx.com\/nota\/wp-content\/uploads\/2015\/11\/9600baf2-daa1-4050-b773-fe671116445b.jpg\"><img loading=\"lazy\" decoding=\"async\" class=\"alignleft size-full wp-image-19538\" src=\"https:\/\/radiowebmx.com\/nota\/wp-content\/uploads\/2015\/11\/9600baf2-daa1-4050-b773-fe671116445b.jpg\" alt=\"9600baf2-daa1-4050-b773-fe671116445b\" width=\"591\" height=\"356\" srcset=\"https:\/\/radiowebmx.com\/nota\/wp-content\/uploads\/2015\/11\/9600baf2-daa1-4050-b773-fe671116445b.jpg 591w, https:\/\/radiowebmx.com\/nota\/wp-content\/uploads\/2015\/11\/9600baf2-daa1-4050-b773-fe671116445b-300x181.jpg 300w\" sizes=\"auto, (max-width: 591px) 100vw, 591px\" \/><\/a>Luego de que se superaron las expectativas de visitantes durante la Noche de Muertos en la capital michoacana, Morelia se encuentra lista para recibir a los turistas que acudir\u00e1n a la 27 edici\u00f3n del Festival de M\u00fasica Miguel Bernal Jim\u00e9nez, uno de los eventos m\u00e1s importantes en su tipo a nivel internacional, anunci\u00f3 la Secretaria de Turismo Municipal, Thelma Aquique Arrieta.<\/p>\n<p>Para coadyuvar en la promoci\u00f3n del mismo, el Ayuntamiento de Morelia mont\u00f3 una exposici\u00f3n fotogr\u00e1fica en el corredor principal de la Plaza de Armas, en donde a trav\u00e9s de 14 im\u00e1genes alusivas a este festival internacional se muestra parte de la historia que ha enmarcado a este evento que dar\u00e1 inicio el pr\u00f3ximo 13 de noviembre.<\/p>\n<p>Thelma Aquique resalt\u00f3 que esta exposici\u00f3n pretende realizar una invitaci\u00f3n a quienes se da cita en esta plaza p\u00fablica para que los que morelianos y visitantes que todav\u00eda no han tenido la posibilidad de acudir a este magno evento, puedan hacerlo.<\/p>\n<p>Indic\u00f3 que esta exposici\u00f3n refleja una opci\u00f3n cultural para los morelianos, con la finalidad de que puedan apreciar este tipo de manifestaciones musicales que conjunta a los mejores art\u00edsticas.<\/p>\n<p>Es de se\u00f1alar, que se espera que el Festival de M\u00fasica de Morelia 2015 supere las expectativas de la edici\u00f3n anterior, en donde se registraron 96 mil asistentes en las 93 actividades programadas y en donde fueron invitados 11 pa\u00edses.<\/p>\n<p>En esta ocasi\u00f3n, los recintos en los que se contemplan presentaciones musicales\u00a0 son Palacio Municipal, Palacio de Gobierno, Casa de la Cultura, Catedral, Centro Cultural Clavijero, Teatro Ocampo, Plaza Ocampo, Teatro Morelos, Templo de San Diego, Templo de las Rosas y el Teatro Jos\u00e9 Rub\u00e9n Romero.<\/p>\n<p>Para finalizar, la Secretaria de Turismo, exhort\u00f3 a los ciudadanos a ser parte de este evento cultural de talla internacional y refrend\u00f3 el inter\u00e9s del Ayuntamiento capitalino por apoyar este tipo de eventos que fomentar la vocaci\u00f3n tur\u00edstica de la capital michoacana.<\/p>\n","protected":false},"excerpt":{"rendered":"<p>Luego de que se superaron las expectativas de visitantes durante la Noche de Muertos en la capital michoacana, Morelia se encuentra lista para recibir a los turistas que acudir\u00e1n a la 27 edici\u00f3n del Festival de M\u00fasica Miguel Bernal Jim\u00e9nez, <\/p>\n","protected":false},"author":1,"featured_media":19538,"comment_status":"open","ping_status":"open","sticky":false,"template":"","format":"standard","meta":{"footnotes":""},"categories":[14,9],"tags":[],"class_list":["post-19537","post","type-post","status-publish","format-standard","has-post-thumbnail","hentry","category-destacadas","category-morelia"],"_links":{"self":[{"href":"https:\/\/radiowebmx.com\/nota\/wp-json\/wp\/v2\/posts\/19537","targetHints":{"allow":["GET"]}}],"collection":[{"href":"https:\/\/radiowebmx.com\/nota\/wp-json\/wp\/v2\/posts"}],"about":[{"href":"https:\/\/radiowebmx.com\/nota\/wp-json\/wp\/v2\/types\/post"}],"author":[{"embeddable":true,"href":"https:\/\/radiowebmx.com\/nota\/wp-json\/wp\/v2\/users\/1"}],"replies":[{"embeddable":true,"href":"https:\/\/radiowebmx.com\/nota\/wp-json\/wp\/v2\/comments?post=19537"}],"version-history":[{"count":2,"href":"https:\/\/radiowebmx.com\/nota\/wp-json\/wp\/v2\/posts\/19537\/revisions"}],"predecessor-version":[{"id":19540,"href":"https:\/\/radiowebmx.com\/nota\/wp-json\/wp\/v2\/posts\/19537\/revisions\/19540"}],"wp:featuredmedia":[{"embeddable":true,"href":"https:\/\/radiowebmx.com\/nota\/wp-json\/wp\/v2\/media\/19538"}],"wp:attachment":[{"href":"https:\/\/radiowebmx.com\/nota\/wp-json\/wp\/v2\/media?parent=19537"}],"wp:term":[{"taxonomy":"category","embeddable":true,"href":"https:\/\/radiowebmx.com\/nota\/wp-json\/wp\/v2\/categories?post=19537"},{"taxonomy":"post_tag","embeddable":true,"href":"https:\/\/radiowebmx.com\/nota\/wp-json\/wp\/v2\/tags?post=19537"}],"curies":[{"name":"wp","href":"https:\/\/api.w.org\/{rel}","templated":true}]}}