{"id":19526,"date":"2015-11-11T12:13:17","date_gmt":"2015-11-11T18:13:17","guid":{"rendered":"https:\/\/radiowebmx.com\/nota\/?p=19526"},"modified":"2015-11-11T12:14:50","modified_gmt":"2015-11-11T18:14:50","slug":"ayuntamiento-de-morelia-afina-detalles-para-la-festividad-en-honor-a-la-virgen-de-guadalupe","status":"publish","type":"post","link":"https:\/\/radiowebmx.com\/nota\/ayuntamiento-de-morelia-afina-detalles-para-la-festividad-en-honor-a-la-virgen-de-guadalupe\/","title":{"rendered":"Ayuntamiento de Morelia afina detalles para la festividad en honor a la Virgen de Guadalupe"},"content":{"rendered":"<p><a href=\"https:\/\/radiowebmx.com\/nota\/wp-content\/uploads\/2015\/11\/9ab78a7c-bb07-47fe-b31d-9cc1b62e7813.jpg\"><img loading=\"lazy\" decoding=\"async\" class=\"alignleft size-full wp-image-19527\" src=\"https:\/\/radiowebmx.com\/nota\/wp-content\/uploads\/2015\/11\/9ab78a7c-bb07-47fe-b31d-9cc1b62e7813.jpg\" alt=\"9ab78a7c-bb07-47fe-b31d-9cc1b62e7813\" width=\"591\" height=\"335\" srcset=\"https:\/\/radiowebmx.com\/nota\/wp-content\/uploads\/2015\/11\/9ab78a7c-bb07-47fe-b31d-9cc1b62e7813.jpg 591w, https:\/\/radiowebmx.com\/nota\/wp-content\/uploads\/2015\/11\/9ab78a7c-bb07-47fe-b31d-9cc1b62e7813-300x170.jpg 300w, https:\/\/radiowebmx.com\/nota\/wp-content\/uploads\/2015\/11\/9ab78a7c-bb07-47fe-b31d-9cc1b62e7813-128x72.jpg 128w\" sizes=\"auto, (max-width: 591px) 100vw, 591px\" \/><\/a>El Ayuntamiento de Morelia, que preside el Alcalde Alfonso Mart\u00ednez Alc\u00e1zar, afina los \u00faltimos detalles para la tradicional festividad en honor a la Virgen de Guadalupe, con la finalidad de garantizar que esta celebraci\u00f3n que a\u00f1o con a\u00f1o se realiza en la Calzada de Fray Antonio de San Miguel y sus inmediaciones, se desarrolle en un marco de tranquilidad y sana convivencia.<\/p>\n<p>El Secretario de Servicios P\u00fablicos, Jos\u00e9 Luis Gil V\u00e1zquez, destac\u00f3 que en esta ocasi\u00f3n la Administraci\u00f3n municipal ha trabajado por incluir dos novedades. Por una parte, se\u00f1al\u00f3, siguiendo las indicaciones de Presidente Municipal, se realizar\u00e1n por vez primera eventos culturales en torno a esta celebraci\u00f3n de los feligreses, y por otro lado, se brindar\u00e1 capacitaci\u00f3n a los comerciantes que se instalar\u00e1n del 20 al 12 de diciembre en aras de profesionalizar su actividad.<\/p>\n<p>En este tenor, adelant\u00f3 que se permitir\u00e1 la instalaci\u00f3n de alrededor de mil 200 establecimientos dedicados a la venta de comida y diversos productos, quienes ser\u00e1n capacitados previamente en el manejo higi\u00e9nico de alimentos y posteriormente certificados, de tal manera que morelianos y visitantes tengan la certeza de que lo que consumen est\u00e1n en buen estado y cumplen con las normas de sanidad.<\/p>\n<p>Mientras que en lo que compete al fomento de la cultura en el municipio, el funcionario municipal anunci\u00f3 que en los cuatro fines de semana contemplados dentro de esta celebraci\u00f3n, se llevar\u00e1n a cabo una serie de eventos culturales.<\/p>\n","protected":false},"excerpt":{"rendered":"<p>El Ayuntamiento de Morelia, que preside el Alcalde Alfonso Mart\u00ednez Alc\u00e1zar, afina los \u00faltimos detalles para la tradicional festividad en honor a la Virgen de Guadalupe,<\/p>\n","protected":false},"author":1,"featured_media":19527,"comment_status":"open","ping_status":"open","sticky":false,"template":"","format":"standard","meta":{"footnotes":""},"categories":[14,9],"tags":[],"class_list":["post-19526","post","type-post","status-publish","format-standard","has-post-thumbnail","hentry","category-destacadas","category-morelia"],"_links":{"self":[{"href":"https:\/\/radiowebmx.com\/nota\/wp-json\/wp\/v2\/posts\/19526","targetHints":{"allow":["GET"]}}],"collection":[{"href":"https:\/\/radiowebmx.com\/nota\/wp-json\/wp\/v2\/posts"}],"about":[{"href":"https:\/\/radiowebmx.com\/nota\/wp-json\/wp\/v2\/types\/post"}],"author":[{"embeddable":true,"href":"https:\/\/radiowebmx.com\/nota\/wp-json\/wp\/v2\/users\/1"}],"replies":[{"embeddable":true,"href":"https:\/\/radiowebmx.com\/nota\/wp-json\/wp\/v2\/comments?post=19526"}],"version-history":[{"count":2,"href":"https:\/\/radiowebmx.com\/nota\/wp-json\/wp\/v2\/posts\/19526\/revisions"}],"predecessor-version":[{"id":19531,"href":"https:\/\/radiowebmx.com\/nota\/wp-json\/wp\/v2\/posts\/19526\/revisions\/19531"}],"wp:featuredmedia":[{"embeddable":true,"href":"https:\/\/radiowebmx.com\/nota\/wp-json\/wp\/v2\/media\/19527"}],"wp:attachment":[{"href":"https:\/\/radiowebmx.com\/nota\/wp-json\/wp\/v2\/media?parent=19526"}],"wp:term":[{"taxonomy":"category","embeddable":true,"href":"https:\/\/radiowebmx.com\/nota\/wp-json\/wp\/v2\/categories?post=19526"},{"taxonomy":"post_tag","embeddable":true,"href":"https:\/\/radiowebmx.com\/nota\/wp-json\/wp\/v2\/tags?post=19526"}],"curies":[{"name":"wp","href":"https:\/\/api.w.org\/{rel}","templated":true}]}}